{"id":2035,"date":"2019-01-31T20:35:56","date_gmt":"2019-01-31T19:35:56","guid":{"rendered":"https:\/\/www.mv-gechingen.de\/?p=2035"},"modified":"2019-01-31T20:35:56","modified_gmt":"2019-01-31T19:35:56","slug":"bericht-zur-hauptversammlung-2019","status":"publish","type":"post","link":"https:\/\/mv-gechingen.de\/?p=2035","title":{"rendered":"Bericht zur Hauptversammlung 2019"},"content":{"rendered":"<p>Die Musiker er\u00f6ffneten musikalisch die Versammlung mit dem St\u00fcck \u201eAbel Tasman\u201c. Anschlie\u00dfend begr\u00fc\u00dfte der Vorsitzende Markus Dingler alle Anwesenden. Mit dem St\u00fcck \u201eIch hatte einen Kameraden\u201c wurde den im letzten Jahr verstorbenen Mitgliedern gedacht.<\/p>\n<p>In seinem Bericht blickt Markus Dingler auf ein ereignisreiches und sehr erfolgreiches Jahr 2018 zur\u00fcck. Solche Erfolge sind nur in einer Gemeinschaft m\u00f6glich. Er berichtete ausf\u00fchrlich \u00fcber unser breites Angebot bei der Jugendausbildung. Die Art der Ausbildung unterscheidet sich zu fr\u00fcher, da unsere Jungmusiker bereits von Anfang an gemeinsam musizieren. Die Kinder und Jugendlichen machen von Beginn an in der Gemeinschaft Musik und k\u00f6nnen sich dadurch gegenseitig motivieren. Auch der Ausbildungsfortschritt ist somit bei allen \u00e4hnlich, so dass insgesamt eine homogene Gruppe entsteht. Ziel wird sein ein durchg\u00e4ngiges Angebot zu haben, um die Kinder ab dem Kindergarten f\u00fcr Musik zu begeistern. F\u00fcr die J\u00fcngsten bietet der Musikverein bereits Blockfl\u00f6ten- und Cajonunterricht an. Des Weiteren unterst\u00fctzen wir seit drei Jahren gemeinsam mit den Musikvereinen aus Althengstett, Neuhengstett und Stammheim die Bl\u00e4serklasse in der Realschule Althengstett. Es besteht nat\u00fcrlich auch die M\u00f6glichkeit direkt bei uns die Ausbildung zu beginnen. Die Kinder werden dabei bei unseren professionellen Ausbildern, die auch an verschiedenen Musikschulen t\u00e4tig sind, unterrichtet. Eine weitere wichtige Aufgabe, um all unsere Vorhaben umzusetzen, ist die Sicherstellung der Finanzierung des Musikvereins. Alle Fixkosten z.B. Unterhalt der Musikertenne, die Kosten f\u00fcr die Jugendausbildung sowie Dirigentenkosten werden nach wie vor \u00fcber Konzerte, Veranstaltungen, Spenden und Beitr\u00e4ge erreicht.<\/p>\n<p>Im Anschluss folgte der Bericht der Schriftf\u00fchrerin Kristina Wei\u00df \u00fcber die musikalischen und freizeitlichen Aktivit\u00e4ten im vergangenen Jahr. Ein H\u00f6hepunkt war sicherlich unsere Modern Music Show im Mai. Mit drei Konzertabenden voller mitrei\u00dfender Sounds, \u00fcberzeugenden Gesangstalenten und Instrumentalsolisten, \u00fcberraschenden licht- und pyrotechnischen Effekten konnten wir ein begeistertes Publikum \u00fcberzeugen. Im Juli veranstalteten wir das Stra\u00dfenfest in der Brunnenstra\u00dfe. Das Fest startete bei besten Wetterbedingungen mit dem \u201eBattle of the Jugendkapellen\u201c. Anschlie\u00dfend wurden unsere G\u00e4ste durch unsere Musikfreunde aus Yach auf der B\u00fchne musikalisch unterhalten. Unsere \u201eGolmer Buam\u201c und die \u201eOriginal Schwippetaler\u201c aus Dagersheim sorgten f\u00fcr stimmungsvolle Party- und Tanzmusik. Der Sonntag begann mit einem Gottesdienst im Freien mit Pfarrer Ulrich B\u00fcttner. Im Oktober unternahmen wir einen eint\u00e4gigen Vereinsausflug ins Badische. Wir nahmen an einer historischen Schulstunde im Schulumuseum teil, machten eine traditionelle Stocherkahnfahrt im Naturschutzgebiet Taubergie\u00dfen und wanderten auf die Ruine Schauenburg. Der letzte Termin in unserem musikalischen Kalender war das gemeinsame Jahreskonzert mit unseren Jungmusikern im Dezember.<\/p>\n<p>Der Kassenverwalter Sebastian Lutz hielt seinen Bericht \u00fcber die finanzielle Situation des Vereins ab. Durch zwei erfolgreiche Veranstaltungen (Modern Music Show und Stra\u00dfenfest) haben wir ein finanzielles Polster und k\u00f6nnen auf eine gute Basis zur\u00fcckgreifen. Die beiden Kassenpr\u00fcfer Klaus Eschenweck und Rolf Schwarz hatten bei der Kassenpr\u00fcfung keinerlei Unstimmigkeiten festgestellt. Sie bescheinigten eine einwandfreie und saubere Kassenf\u00fchrung und empfahlen der Versammlung die Entlastung des Kassiers und der Vorstandschaft.<\/p>\n<p>Unser Dirigent Stefan Schneider blickte in seinem Bericht auf ein Jahr mit \u00fcber 56 Terminen zur\u00fcck. Er bedankte sich bei den Musikern f\u00fcr das tolle Jahr 2018. Dabei bringt er die Musiker gerne mal an ihre Grenzen, was er am Jahreskonzert zum Ausdruck brachte. Einige der St\u00fccke waren als H\u00f6chststufe eingestuft und wurden mit Bravour gemeistert. Mit Stolz blickte er auf die drei Konzerttage der Modern Music Show zur\u00fcck und betonte wie faszinierend es immer noch f\u00fcr ihn ist, wie viele F\u00e4den im Hintergrund gesponnen werden m\u00fcssen, damit so etwas geniales dabei herauskommt. Er freut sich auf 2019 und das, was uns in diesem Jahr alles erwartet.<\/p>\n<p>Die stellvertretende Jugendleiterin Aileen Ree\u00df blickte in Ihrem Bericht auf ein buntes und vielf\u00e4ltiges Musikerjahr zur\u00fcck, in dem unsere Jugend im Rahmen der verschiedenen Veranstaltungen ihr K\u00f6nnen zeigen und sich pr\u00e4sentieren konnte. Sehr erfreulich ist, dass zwei Jungmusikerinnen, die mittlerweile im aktiven Orchester spielen, den D1-Lehrgang mit Bravour absolviert haben. Beim ersten \u201eBattle of the Jugendkapellen\u201c auf dem Gechinger Stra\u00dfenfest traten sechs Jugendkapellen aus Stammheim, Altburg, Neuhengstett, Gechingen und zwei Gruppen aus Deckenpfronn in verschiedenen Spielen gegeneinander an. Dabei waren vor allem Kreativit\u00e4t, Schnelligkeit und Geschicklichkeit von den Teilnehmern der Gruppen gefragt. Zwischen den Wettbewerbsspielen zeigten die Jugendkapellen auf der B\u00fchne auch musikalisch was sie k\u00f6nnen und unterhielten die Festbesucher. Zum Abschluss spielten die Jugendkapellen gemeinsam im Massenchor noch ein St\u00fcck. Es war ein toller Samstagnachmittag, der allen Teilnehmern und auch den Zuschauern viel Spa\u00df, Spannung und Unterhaltung bot. Ein weiteres Highlight f\u00fcr unsere Jungmusiker war das gemeinsame Jahreskonzert, bei dem sie ihr K\u00f6nnen unter Beweis stellten.<\/p>\n<p>Die Entlastung der Vorstandschaft durch die Mitgliederversammlung nahm B\u00fcrgermeister Jens H\u00e4u\u00dfler vor. Diese wurde einstimmig durch die Anwesenden der Versammlung erteilt.<\/p>\n<p>Die Ehrungen f\u00fcr langj\u00e4hrige aktive Mitgliedschaft im Verein wurden von J\u00fcrgen Bernhard als Vertreter des Kreisverbandes durchgef\u00fchrt. F\u00fcr 10 Jahre wurde Luis Santos, f\u00fcr 20 Jahre Melanie Heinkele, Sofia Kempf und Pia Breitling-Krause sowie f\u00fcr 30 Jahre Matthias Br\u00e4uhauser geehrt.<\/p>\n<p><img loading=\"lazy\" decoding=\"async\" class=\"alignleft size-full wp-image-2038\" src=\"https:\/\/mv-gechingen.de\/wordpress_01\/wp-content\/uploads\/2019\/01\/hv19_01.jpg\" alt=\"\" width=\"1600\" height=\"1067\" srcset=\"https:\/\/mv-gechingen.de\/wordpress_01\/wp-content\/uploads\/2019\/01\/hv19_01.jpg 1600w, https:\/\/mv-gechingen.de\/wordpress_01\/wp-content\/uploads\/2019\/01\/hv19_01-300x200.jpg 300w, https:\/\/mv-gechingen.de\/wordpress_01\/wp-content\/uploads\/2019\/01\/hv19_01-768x512.jpg 768w, https:\/\/mv-gechingen.de\/wordpress_01\/wp-content\/uploads\/2019\/01\/hv19_01-1024x683.jpg 1024w, https:\/\/mv-gechingen.de\/wordpress_01\/wp-content\/uploads\/2019\/01\/hv19_01-450x300.jpg 450w\" sizes=\"(max-width: 1600px) 100vw, 1600px\" \/><\/p>\n<p>Der schriftliche Entwurf der Satzungs\u00e4nderung wurde bereits im November 2018 an unsere Mitglieder ausgeh\u00e4ndigt zur Einsicht und Pr\u00fcfung. Es wurden keine Einspr\u00fcche erhoben. Aus diesem Grund wurde von der Mitgliederversammlung einstimmig beschlossen, dass \u00fcber alle ge\u00e4nderten Punkte der Satzung insgesamt abgestimmt wird. Die Zustimmung zur Satzungs\u00e4nderung wurde einstimmig durch die Anwesenden der Versammlung erteilt.<\/p>\n<p>Als Vertreterin der \u00f6rtlichen Vereine und des Gemeinderats lobte Frau Sch\u00f6ttmer die tolle Vereinslandschaft und Zusammenarbeit der einzelnen Vereine in der Gemeinde Gechingen. Sie w\u00fcnschte dem Verein, dass es in 2019 so erfolgreich weitergeht wie im vergangenen Jahr.<\/p>\n<p>Die Versammlung wurde mit dem Musikst\u00fcck \u201eSympatria\u201c um 22:00 Uhr geschlossen.<\/p>\n","protected":false},"excerpt":{"rendered":"<p>Die Musiker er\u00f6ffneten musikalisch die Versammlung mit dem St\u00fcck \u201eAbel Tasman\u201c. Anschlie\u00dfend begr\u00fc\u00dfte der Vorsitzende Markus Dingler alle Anwesenden. Mit dem St\u00fcck \u201eIch hatte einen Kameraden\u201c wurde den im letzten Jahr verstorbenen Mitgliedern gedacht. In seinem Bericht blickt Markus Dingler &hellip; <a href=\"https:\/\/mv-gechingen.de\/?p=2035\">Weiterlesen <span class=\"meta-nav\">&rarr;<\/span><\/a><\/p>\n","protected":false},"author":1,"featured_media":2037,"comment_status":"closed","ping_status":"closed","sticky":false,"template":"","format":"standard","meta":{"footnotes":""},"categories":[1],"tags":[],"_links":{"self":[{"href":"https:\/\/mv-gechingen.de\/index.php?rest_route=\/wp\/v2\/posts\/2035"}],"collection":[{"href":"https:\/\/mv-gechingen.de\/index.php?rest_route=\/wp\/v2\/posts"}],"about":[{"href":"https:\/\/mv-gechingen.de\/index.php?rest_route=\/wp\/v2\/types\/post"}],"author":[{"embeddable":true,"href":"https:\/\/mv-gechingen.de\/index.php?rest_route=\/wp\/v2\/users\/1"}],"replies":[{"embeddable":true,"href":"https:\/\/mv-gechingen.de\/index.php?rest_route=%2Fwp%2Fv2%2Fcomments&post=2035"}],"version-history":[{"count":2,"href":"https:\/\/mv-gechingen.de\/index.php?rest_route=\/wp\/v2\/posts\/2035\/revisions"}],"predecessor-version":[{"id":2039,"href":"https:\/\/mv-gechingen.de\/index.php?rest_route=\/wp\/v2\/posts\/2035\/revisions\/2039"}],"wp:featuredmedia":[{"embeddable":true,"href":"https:\/\/mv-gechingen.de\/index.php?rest_route=\/wp\/v2\/media\/2037"}],"wp:attachment":[{"href":"https:\/\/mv-gechingen.de\/index.php?rest_route=%2Fwp%2Fv2%2Fmedia&parent=2035"}],"wp:term":[{"taxonomy":"category","embeddable":true,"href":"https:\/\/mv-gechingen.de\/index.php?rest_route=%2Fwp%2Fv2%2Fcategories&post=2035"},{"taxonomy":"post_tag","embeddable":true,"href":"https:\/\/mv-gechingen.de\/index.php?rest_route=%2Fwp%2Fv2%2Ftags&post=2035"}],"curies":[{"name":"wp","href":"https:\/\/api.w.org\/{rel}","templated":true}]}}