{"id":2162,"date":"2020-02-09T15:27:50","date_gmt":"2020-02-09T14:27:50","guid":{"rendered":"https:\/\/www.mv-gechingen.de\/?p=2162"},"modified":"2020-02-09T15:27:50","modified_gmt":"2020-02-09T14:27:50","slug":"rueckblick-hauptversammlung-2020","status":"publish","type":"post","link":"https:\/\/mv-gechingen.de\/?p=2162","title":{"rendered":"R\u00fcckblick Hauptversammlung 2020"},"content":{"rendered":"<p>Die Musiker er\u00f6ffneten musikalisch die Versammlung mit dem St\u00fcck \u201eJubil\u00e4umskl\u00e4nge\u201c. Anschlie\u00dfend begr\u00fc\u00dfte der Vorsitzende Markus Dingler alle Anwesenden. Mit dem St\u00fcck \u201eIch hatte einen Kameraden\u201c wurde den im letzten Jahr verstorbenen Mitgliedern gedacht.<\/p>\n<p><img loading=\"lazy\" decoding=\"async\" class=\"alignleft size-full wp-image-2164\" src=\"https:\/\/mv-gechingen.de\/wordpress_01\/wp-content\/uploads\/2020\/02\/hv2020_01.jpg\" alt=\"\" width=\"1200\" height=\"900\" srcset=\"https:\/\/mv-gechingen.de\/wordpress_01\/wp-content\/uploads\/2020\/02\/hv2020_01.jpg 1200w, https:\/\/mv-gechingen.de\/wordpress_01\/wp-content\/uploads\/2020\/02\/hv2020_01-300x225.jpg 300w, https:\/\/mv-gechingen.de\/wordpress_01\/wp-content\/uploads\/2020\/02\/hv2020_01-768x576.jpg 768w, https:\/\/mv-gechingen.de\/wordpress_01\/wp-content\/uploads\/2020\/02\/hv2020_01-1024x768.jpg 1024w, https:\/\/mv-gechingen.de\/wordpress_01\/wp-content\/uploads\/2020\/02\/hv2020_01-400x300.jpg 400w\" sizes=\"(max-width: 1200px) 100vw, 1200px\" \/><\/p>\n<p>In seinem Bericht blickt Markus Dingler auf ein ereignisreiches und sehr erfolgreiches Jahr 2019 zur\u00fcck. Solche Erfolge sind nur in einer Gemeinschaft m\u00f6glich. Er berichtete ausf\u00fchrlich \u00fcber unser breites Angebot bei der Jugendausbildung. Die Kinder und Jugendlichen machen von Beginn an in der Gemeinschaft Musik und k\u00f6nnen sich dadurch gegenseitig motivieren. Auch der Ausbildungsfortschritt ist somit bei allen \u00e4hnlich, so dass insgesamt eine homogene Gruppe entsteht. Des Weiteren unterst\u00fctzen wir seit einigen Jahren gemeinsam mit den Musikvereinen aus Althengstett, Neuhengstett und Stammheim die Bl\u00e4serklasse in der Realschule Althengstett. Es besteht nat\u00fcrlich auch die M\u00f6glichkeit direkt bei uns die Ausbildung zu beginnen. Die Kinder werden dabei bei unseren professionellen Ausbildern, die auch an verschiedenen Musikschulen t\u00e4tig sind, unterrichtet. Eine weitere wichtige Aufgabe, um all unsere Vorhaben umzusetzen, ist die Sicherstellung der Finanzierung des Musikvereins. Alle Fixkosten z.B. Unterhalt der Musikertenne, die Kosten f\u00fcr die Jugendausbildung sowie Dirigentenkosten werden nach wie vor \u00fcber Konzerte, Veranstaltungen, Spenden und Beitr\u00e4ge erreicht.<\/p>\n<p>Im Anschluss folgte der Bericht der Schriftf\u00fchrerin Kristina Wei\u00df \u00fcber die musikalischen und freizeitlichen Aktivit\u00e4ten im vergangenen Jahr. Hervorzuheben ist unsere legend\u00e4re Modern Music Show im Mai. Mit drei Konzertabenden voller mitrei\u00dfender Sounds, \u00fcberzeugenden Gesangstalenten und Instrumentalsolisten, \u00fcberraschenden licht- und pyrotechnischen Effekten konnten wir ein begeistertes Publikum \u00fcberzeugen. Im Juli veranstalteten wir wie jedes Jahr unser gut besuchtes Stra\u00dfenfest in der Brunnenstra\u00dfe. Ein H\u00f6hepunkt des diesj\u00e4hrigen Stra\u00dfenfests war sicherlich der Besuch unserer langj\u00e4hrigen Musikfreunde aus der Schweiz. Wir feierten 2019 stolze 50 Jahre Freundschaft zwischen der Musikgesellschaft Kerzers und dem Musikverein Gechingen. Unsere \u201eGolmer Buam\u201c und die \u201eOriginal Schwippetaler\u201c aus Dagersheim sorgten sp\u00e4ter f\u00fcr ein stimmungsvolles Abendprogramm mit einigen Zugaben. Der Sonntag begann wie gewohnt mit einem Gottesdienst im Freien mit Pfarrer Ulrich B\u00fcttner. Im September fuhren wir alle gemeinsam f\u00fcr vier Tage auf Konzertreise in die tschechische Hauptstadt Prag. Wir nahmen an einer Brauereibesichtigung teil, gaben zwei Platzkonzerte vor zahlreichen Zuh\u00f6rern, genossen die typisch b\u00f6hmische K\u00fcche und konnten bei einer abendlichen Bootsfahrt \u00fcber die Moldau die Sehensw\u00fcrdigkeiten von Prag bewundern. Der letzte Termin in unserem musikalischen Kalender war das gemeinsame Jahreskonzert mit unseren Jungmusikern im Dezember.<\/p>\n<p>Der Kassenverwalter Sebastian Lutz hielt seinen Bericht \u00fcber die finanzielle Situation des Vereins ab. Durch unsere erfolgreichen Veranstaltungen und Spendengelder haben wir uns in den letzten Jahren ein gutes finanzielles Polster geschaffen. Daher konnten im letzten Jahr einige wichtige Investitionen get\u00e4tigt werden. Die beiden Kassenpr\u00fcfer Klaus Eschenweck und Rolf Schwarz hatten bei der Kassenpr\u00fcfung keinerlei Unstimmigkeiten festgestellt. Sie bescheinigten eine einwandfreie und saubere Kassenf\u00fchrung und empfahlen der Versammlung die Entlastung des Kassiers und der Vorstandschaft.<\/p>\n<p>Unser Dirigent Stefan Schneider blickte in seinem Bericht auf ein Jahr mit \u00fcber 50 Terminen zur\u00fcck. Er bedankte sich bei den Musikern f\u00fcr das tolle Jahr 2019. Hervorzuheben war das Jahreskonzert im vergangenen Jahr mit einer so gef\u00fcllten Halle, dass noch zus\u00e4tzliche St\u00fchle aufgestellt werden mussten. Die Zuh\u00f6rer genossen einen beeindruckenden Konzertabend und waren sichtlich bewegt. Mit Stolz best\u00e4tigt ihm dies, dass sich der Musikverein Gechingen nicht ausschlie\u00dflich \u00fcber die einzigartige Modern Music Show im Mai definiert. Auch beim Jahreskonzert im Dezember wird eine faszinierende Leistung erbracht. Er freut sich auf 2020 und das, was uns in diesem Jahr alles erwartet.<\/p>\n<p>Die Jugendleiterin Luzia Obenaus blickte in ihrem Bericht auf ein buntes und vielf\u00e4ltiges Musikerjahr zur\u00fcck, in dem unsere Jugend im Rahmen der verschiedenen Veranstaltungen ihr K\u00f6nnen zeigen und sich pr\u00e4sentieren konnte. Stolz berichtete sie, dass elf Jugendliche f\u00fcr unsere Jugendausbildung neu gewonnen werden konnten. Besonders viel Spa\u00df hatten die Jungmusiker im vergangenen Jahr beim allj\u00e4hrlichen Jugendausflug, der Ende September in den Freizeitpark Rutesheim f\u00fchrte. Ein weiterer H\u00f6hepunkt f\u00fcr unsere Jungmusiker war das gemeinsame Jahreskonzert, bei dem sie ihr K\u00f6nnen unter Beweis stellten.<\/p>\n<p>Die Entlastung der Vorstandschaft durch die Mitgliederversammlung nahm der stellvertretende B\u00fcrgermeister Klaus B\u00f6ttinger vor. Diese wurde einstimmig durch die Anwesenden der Versammlung erteilt. Er lobte des Weiteren die musikalischen Aktivit\u00e4ten wie die Modern Music Show und das Jahreskonzert sowie die festlichen Aktivit\u00e4ten wie das Gechinger Stra\u00dfenfest. Besonders betonte er, dass der Musikverein als zweit\u00e4ltester Verein Gechingens eine gro\u00dfe Bereicherung f\u00fcr die Gemeinde sei. Er w\u00fcnscht dem Verein, dass es in 2020 so erfolgreich weitergeht wie im vergangenen Jahr.<\/p>\n<div id=\"attachment_2166\" style=\"width: 1210px\" class=\"wp-caption alignleft\"><img loading=\"lazy\" decoding=\"async\" aria-describedby=\"caption-attachment-2166\" class=\"wp-image-2166 size-full\" src=\"https:\/\/mv-gechingen.de\/wordpress_01\/wp-content\/uploads\/2020\/02\/hv2020_03.jpg\" alt=\"\" width=\"1200\" height=\"900\" srcset=\"https:\/\/mv-gechingen.de\/wordpress_01\/wp-content\/uploads\/2020\/02\/hv2020_03.jpg 1200w, https:\/\/mv-gechingen.de\/wordpress_01\/wp-content\/uploads\/2020\/02\/hv2020_03-300x225.jpg 300w, https:\/\/mv-gechingen.de\/wordpress_01\/wp-content\/uploads\/2020\/02\/hv2020_03-768x576.jpg 768w, https:\/\/mv-gechingen.de\/wordpress_01\/wp-content\/uploads\/2020\/02\/hv2020_03-1024x768.jpg 1024w, https:\/\/mv-gechingen.de\/wordpress_01\/wp-content\/uploads\/2020\/02\/hv2020_03-400x300.jpg 400w\" sizes=\"(max-width: 1200px) 100vw, 1200px\" \/><p id=\"caption-attachment-2166\" class=\"wp-caption-text\">von links: Alexander Kempf, Anika Hintzenstern, Vorsitzender Markus Dingler, Axel D\u00fcrr, Aileen Ree\u00df, Gabi Weik, Stefan Schneider (als Vertreter des Kreismusikverbands), Nico Schaible und Timo D\u00fcrr.<\/p><\/div>\n<p>Die Ehrungen f\u00fcr langj\u00e4hrige aktive Mitgliedschaft im Verein wurden von unserem Dirigenten Stefan Schneider als Vertreter des Kreisverbandes durchgef\u00fchrt. F\u00fcr 10 Jahre wurden Anika Hintzenstern und Aileen Ree\u00df, f\u00fcr 20 Jahre Gabi Weik, Timo D\u00fcrr, Alexander Kempf und Nico Schaible sowie f\u00fcr 50 Jahre Axel D\u00fcrr geehrt.<\/p>\n<p>Die Neuwahlen wurden durch unseren Ehrenvorsitzenden Frank Talmon L\u2019Arm\u00e9e durchgef\u00fchrt. Es waren 57 Wahlberechtigte anwesend. Ab dieser Hauptversammlung gelten neue Wahlmodalit\u00e4ten aufgrund der vorgenommenen Satzungs\u00e4nderung, die mit letzter Hauptversammlung vom 26.01.2019 beschlossen wurde. Aufgrund der \u00dcbergangssituation in diesem Jahr, wird die H\u00e4lfte der Vorstandschaft auf zwei Jahre und die andere H\u00e4lfte auf ein Jahr gew\u00e4hlt. Ab 2021 werden die Vorstandsmitglieder gem\u00e4\u00df der nun aktuellen Satzung zeitversetzt auf zwei Jahre gew\u00e4hlt. Markus Dingler muss sein Amt als 1. Vorsitzender nach sechs erfolgreichen Jahren leider aus beruflichen Gr\u00fcnden aufgeben. Nach zahlreichen Wahlvorschl\u00e4gen nahm der bisherige Kassenverwalter Sebastian Lutz die Wahl als einziger an. Er wurde durch offene Wahl einstimmig zum 1. Vorsitzenden f\u00fcr zwei Jahre gew\u00e4hlt. Unser Kassier Sebastian Lutz gibt sein Amt damit aufgrund seiner neuen T\u00e4tigkeit als 1. Vorsitzender auf. Pia Breitling-Krause wurde als Kandidatin vorgeschlagen, hat die Wahl angenommen und wurde durch offene Wahl einstimmig zur Kassiererin f\u00fcr ein Jahr gew\u00e4hlt.<\/p>\n<p>Unsere Schriftf\u00fchrerin Kristina Wei\u00df, unsere Jugendleiterin Luzia Obenaus und unsere 1. Beisitzerin Laura Eitel sind ebenfalls bereit, ihr Amt weiter zu f\u00fchren, stellten sich jeweils zur Wahl und wurden jeweils durch offene Wahl einstimmig f\u00fcr zwei Jahre gew\u00e4hlt. Unsere stellvertretende Vorsitzende Ann-Kathrin Breitling, unsere stellvertretende Jugendleiterin Aileen Ree\u00df und unsere 2. Beisitzerin Gabi Weik sind bereit, ihr Amt weiter zu f\u00fchren und stellten sich jeweils zur Wahl. Sie wurden jeweils durch offene Wahl einstimmig f\u00fcr ein Jahr gew\u00e4hlt.<\/p>\n<p>Unsere 3. Beisitzerin Jana L\u00f6ffler gibt ihr Amt auf. Timo D\u00fcrr wurde als Kandidat vorgeschlagen, der die Wahl angenommen hat und wurde durch offene Wahl einstimmig zum Beisitzer f\u00fcr zwei Jahre gew\u00e4hlt. Unser 4. Beisitzer Alexander Kempf gibt sein Amt auf. Sina Breitling und Axel D\u00fcrr wurden als Kandidaten vorgeschlagen, die sich beide zur Wahl stellten. Es wurde eine geheime Wahl durchgef\u00fchrt. F\u00fcr Axel D\u00fcrr stimmten 40 der 57 Wahlberechtigten, f\u00fcr Sina Breitling stimmten 16 Wahlberechtigte, es gab eine Enthaltung. Mit 40 Stimmen wurde somit Axel D\u00fcrr zum Beisitzer f\u00fcr ein Jahr gew\u00e4hlt.<\/p>\n<p>Die Kassenpr\u00fcfer Klaus Eschenweck und Rolf Schwarz geben ihr Amt als Kassenpr\u00fcfer auf. Michael D\u00fcrr und Matthias Br\u00e4uhauser wurden als Kandidaten vorgeschlagen, die die Wahl angenommen haben und wurden durch offene Wahl einstimmig zu Kassenpr\u00fcfern f\u00fcr zwei Jahre gew\u00e4hlt.<\/p>\n<div id=\"attachment_2165\" style=\"width: 1210px\" class=\"wp-caption alignleft\"><img loading=\"lazy\" decoding=\"async\" aria-describedby=\"caption-attachment-2165\" class=\"wp-image-2165 size-full\" src=\"https:\/\/mv-gechingen.de\/wordpress_01\/wp-content\/uploads\/2020\/02\/hv2020_02.jpg\" alt=\"\" width=\"1200\" height=\"900\" srcset=\"https:\/\/mv-gechingen.de\/wordpress_01\/wp-content\/uploads\/2020\/02\/hv2020_02.jpg 1200w, https:\/\/mv-gechingen.de\/wordpress_01\/wp-content\/uploads\/2020\/02\/hv2020_02-300x225.jpg 300w, https:\/\/mv-gechingen.de\/wordpress_01\/wp-content\/uploads\/2020\/02\/hv2020_02-768x576.jpg 768w, https:\/\/mv-gechingen.de\/wordpress_01\/wp-content\/uploads\/2020\/02\/hv2020_02-1024x768.jpg 1024w, https:\/\/mv-gechingen.de\/wordpress_01\/wp-content\/uploads\/2020\/02\/hv2020_02-400x300.jpg 400w\" sizes=\"(max-width: 1200px) 100vw, 1200px\" \/><p id=\"caption-attachment-2165\" class=\"wp-caption-text\">von links: Gabi Weik, Frank Talmon L\u2019Arm\u00e9e (Ehrenvorsitzender), Timo D\u00fcrr, Sebastian Lutz, Laura Eitel, Markus Dingler (\u00fcbergibt sein Amt als 1. Vorsitzender an Sebastian Lutz), Axel D\u00fcrr, Ann-Kathrin Breitling, Pia Breitling-Krause, Aileen Ree\u00df, Luzia Obenaus und Kristina Wei\u00df.<\/p><\/div>\n<p>&nbsp;<\/p>\n<p>Die Versammlung wurde mit dem Musikst\u00fcck \u201eTranquillo\u201c um 22:45 Uhr geschlossen.<\/p>\n","protected":false},"excerpt":{"rendered":"<p>Die Musiker er\u00f6ffneten musikalisch die Versammlung mit dem St\u00fcck \u201eJubil\u00e4umskl\u00e4nge\u201c. Anschlie\u00dfend begr\u00fc\u00dfte der Vorsitzende Markus Dingler alle Anwesenden. Mit dem St\u00fcck \u201eIch hatte einen Kameraden\u201c wurde den im letzten Jahr verstorbenen Mitgliedern gedacht. In seinem Bericht blickt Markus Dingler auf &hellip; <a href=\"https:\/\/mv-gechingen.de\/?p=2162\">Weiterlesen <span class=\"meta-nav\">&rarr;<\/span><\/a><\/p>\n","protected":false},"author":1,"featured_media":2167,"comment_status":"closed","ping_status":"closed","sticky":false,"template":"","format":"standard","meta":{"footnotes":""},"categories":[1],"tags":[],"_links":{"self":[{"href":"https:\/\/mv-gechingen.de\/index.php?rest_route=\/wp\/v2\/posts\/2162"}],"collection":[{"href":"https:\/\/mv-gechingen.de\/index.php?rest_route=\/wp\/v2\/posts"}],"about":[{"href":"https:\/\/mv-gechingen.de\/index.php?rest_route=\/wp\/v2\/types\/post"}],"author":[{"embeddable":true,"href":"https:\/\/mv-gechingen.de\/index.php?rest_route=\/wp\/v2\/users\/1"}],"replies":[{"embeddable":true,"href":"https:\/\/mv-gechingen.de\/index.php?rest_route=%2Fwp%2Fv2%2Fcomments&post=2162"}],"version-history":[{"count":2,"href":"https:\/\/mv-gechingen.de\/index.php?rest_route=\/wp\/v2\/posts\/2162\/revisions"}],"predecessor-version":[{"id":2168,"href":"https:\/\/mv-gechingen.de\/index.php?rest_route=\/wp\/v2\/posts\/2162\/revisions\/2168"}],"wp:featuredmedia":[{"embeddable":true,"href":"https:\/\/mv-gechingen.de\/index.php?rest_route=\/wp\/v2\/media\/2167"}],"wp:attachment":[{"href":"https:\/\/mv-gechingen.de\/index.php?rest_route=%2Fwp%2Fv2%2Fmedia&parent=2162"}],"wp:term":[{"taxonomy":"category","embeddable":true,"href":"https:\/\/mv-gechingen.de\/index.php?rest_route=%2Fwp%2Fv2%2Fcategories&post=2162"},{"taxonomy":"post_tag","embeddable":true,"href":"https:\/\/mv-gechingen.de\/index.php?rest_route=%2Fwp%2Fv2%2Ftags&post=2162"}],"curies":[{"name":"wp","href":"https:\/\/api.w.org\/{rel}","templated":true}]}}