{"id":2225,"date":"2020-07-15T23:31:27","date_gmt":"2020-07-15T21:31:27","guid":{"rendered":"https:\/\/mv-gechingen.de\/?p=2225"},"modified":"2020-07-20T10:51:00","modified_gmt":"2020-07-20T08:51:00","slug":"rueckblick-1-gechinger-zwiebelkuchenverkauf","status":"publish","type":"post","link":"https:\/\/mv-gechingen.de\/?p=2225","title":{"rendered":"R\u00fcckblick 1. Gechinger Zwiebelkuchenverkauf"},"content":{"rendered":"\n<p>Am vergangenen Samstag haben wir Mitglieder vom Musikverein Gechingen als Ersatz f\u00fcr unser coronabedingt abgesagtes Gechinger Stra\u00dfenfest den 1. Gechinger Zwiebelkuchenverkauf veranstaltet.<\/p>\n\n\n\n<p>Die ersten flei\u00dfigen Musiker und Musikerinnen standen bereits um 8 Uhr morgens bereit, um im Backhaus in Dachtel den Teig zu kneten, Zwiebeln anzubraten, die Masse anzur\u00fchren und den Ofen anzuheizen. Anders als bei unserem Stra\u00dfenfest wurden die Zwiebelkuchen ofenfrisch und taggleich im Backhaus in mehreren Fuhren zubereitet. Nachdem eine Fuhre fertig war, begann wieder alles von vorne: kneten, auswellen, anbraten, anr\u00fchren, belegen und backen. Nach jedem Backvorgang haben wir die fertigen Kuchen nach Gechingen gefahren, wo der Verkauf um 12 Uhr startete.<\/p>\n\n\n\n<p>An dieser Stelle ist zu sagen: Wir waren (und sind immer noch) v\u00f6llig \u00fcberw\u00e4ltigt. \u00dcberw\u00e4ltigt, wie viele Musik- und Zwiebelkuchenfreunde den Weg zum Gechinger Hallenparkplatz an diesem sonnigen Samstag gefunden haben. \u00dcberw\u00e4ltigt, wie gro\u00df das Interesse und die Nachfrage nach unserem Zwiebelkuchen war. \u00dcberw\u00e4ltigt, wie gro\u00df Ihre Unterst\u00fctzung f\u00fcr unseren Musikverein ist.<\/p>\n\n\n\n<p>Die letzten Monate waren f\u00fcr uns als Musikverein nicht einfach. Wir mussten unseren Probenbetrieb einstellen, unsere geliebte, legend\u00e4re Modern Music Show und unser traditionelles, zweit\u00e4giges Gechinger Stra\u00dfenfest absagen. Sowohl f\u00fcr unsere Gemeinschaft, als auch f\u00fcr unsere finanzielle Situation war und ist es eine schwierige und herausfordernde Zeit.<\/p>\n\n\n\n<p>Aus diesem Grund m\u00f6chten wir uns bedanken. Und zwar bei Ihnen allen, die uns in dieser schwierigen Zeit unterst\u00fctzen. Bei Ihnen allen, die am Samstag zu unserem 1. Gechinger Zwiebelkuchenverkauf gekommen sind und eine unglaublich gro\u00dfe Geduld mitgebracht haben. Wir sagen DANKE \u2013 von ganzem Herzen.<\/p>\n\n\n\n<p>Danke auch an alle Musikerinnen und Musiker inkl. Partner, jeder hat am vergangenen Samstag von morgens bis abends sein Bestes gegeben. Wir sind wirklich eine tolle Gemeinschaft!<\/p>\n\n\n\n<div class=\"wp-block-image\"><figure class=\"aligncenter size-large\"><img loading=\"lazy\" decoding=\"async\" width=\"576\" height=\"1024\" src=\"https:\/\/mv-gechingen.de\/wordpress_01\/wp-content\/uploads\/2020\/07\/collage_zwiebelkuchen-576x1024.jpg\" alt=\"\" class=\"wp-image-2234\" srcset=\"https:\/\/mv-gechingen.de\/wordpress_01\/wp-content\/uploads\/2020\/07\/collage_zwiebelkuchen-576x1024.jpg 576w, https:\/\/mv-gechingen.de\/wordpress_01\/wp-content\/uploads\/2020\/07\/collage_zwiebelkuchen-169x300.jpg 169w, https:\/\/mv-gechingen.de\/wordpress_01\/wp-content\/uploads\/2020\/07\/collage_zwiebelkuchen-768x1366.jpg 768w, https:\/\/mv-gechingen.de\/wordpress_01\/wp-content\/uploads\/2020\/07\/collage_zwiebelkuchen-864x1536.jpg 864w, https:\/\/mv-gechingen.de\/wordpress_01\/wp-content\/uploads\/2020\/07\/collage_zwiebelkuchen-1152x2048.jpg 1152w, https:\/\/mv-gechingen.de\/wordpress_01\/wp-content\/uploads\/2020\/07\/collage_zwiebelkuchen.jpg 1200w\" sizes=\"(max-width: 576px) 100vw, 576px\" \/><\/figure><\/div>\n","protected":false},"excerpt":{"rendered":"<p>Am vergangenen Samstag haben wir Mitglieder vom Musikverein Gechingen als Ersatz f\u00fcr unser coronabedingt abgesagtes Gechinger Stra\u00dfenfest den 1. Gechinger Zwiebelkuchenverkauf veranstaltet. Die ersten flei\u00dfigen Musiker und Musikerinnen standen bereits um 8 Uhr morgens bereit, um im Backhaus in Dachtel &hellip; <a href=\"https:\/\/mv-gechingen.de\/?p=2225\">Weiterlesen <span class=\"meta-nav\">&rarr;<\/span><\/a><\/p>\n","protected":false},"author":1,"featured_media":2236,"comment_status":"closed","ping_status":"closed","sticky":false,"template":"","format":"standard","meta":{"footnotes":""},"categories":[1],"tags":[],"_links":{"self":[{"href":"https:\/\/mv-gechingen.de\/index.php?rest_route=\/wp\/v2\/posts\/2225"}],"collection":[{"href":"https:\/\/mv-gechingen.de\/index.php?rest_route=\/wp\/v2\/posts"}],"about":[{"href":"https:\/\/mv-gechingen.de\/index.php?rest_route=\/wp\/v2\/types\/post"}],"author":[{"embeddable":true,"href":"https:\/\/mv-gechingen.de\/index.php?rest_route=\/wp\/v2\/users\/1"}],"replies":[{"embeddable":true,"href":"https:\/\/mv-gechingen.de\/index.php?rest_route=%2Fwp%2Fv2%2Fcomments&post=2225"}],"version-history":[{"count":3,"href":"https:\/\/mv-gechingen.de\/index.php?rest_route=\/wp\/v2\/posts\/2225\/revisions"}],"predecessor-version":[{"id":2241,"href":"https:\/\/mv-gechingen.de\/index.php?rest_route=\/wp\/v2\/posts\/2225\/revisions\/2241"}],"wp:featuredmedia":[{"embeddable":true,"href":"https:\/\/mv-gechingen.de\/index.php?rest_route=\/wp\/v2\/media\/2236"}],"wp:attachment":[{"href":"https:\/\/mv-gechingen.de\/index.php?rest_route=%2Fwp%2Fv2%2Fmedia&parent=2225"}],"wp:term":[{"taxonomy":"category","embeddable":true,"href":"https:\/\/mv-gechingen.de\/index.php?rest_route=%2Fwp%2Fv2%2Fcategories&post=2225"},{"taxonomy":"post_tag","embeddable":true,"href":"https:\/\/mv-gechingen.de\/index.php?rest_route=%2Fwp%2Fv2%2Ftags&post=2225"}],"curies":[{"name":"wp","href":"https:\/\/api.w.org\/{rel}","templated":true}]}}