{"id":2252,"date":"2020-10-12T21:59:09","date_gmt":"2020-10-12T19:59:09","guid":{"rendered":"https:\/\/mv-gechingen.de\/?p=2252"},"modified":"2020-10-12T21:59:59","modified_gmt":"2020-10-12T19:59:59","slug":"rueckblick-gechinger-kraemermarkt","status":"publish","type":"post","link":"https:\/\/mv-gechingen.de\/?p=2252","title":{"rendered":"R\u00fcckblick Gechinger Kr\u00e4mermarkt"},"content":{"rendered":"\n<p>Beim Gechinger Kr\u00e4mermarkt am vergangenen Freitag waren wir Musiker vom Musikverein Gechingen mit einem kulinarischen Stand vertreten. Neben leckeren Cr\u00eapes hatten wir selbst gebackenes Holzofenbrot und Schmalzbrot im Angebot.<\/p>\n\n\n\n<figure class=\"wp-block-image size-large\"><img loading=\"lazy\" decoding=\"async\" width=\"768\" height=\"1024\" src=\"https:\/\/mv-gechingen.de\/wordpress_01\/wp-content\/uploads\/2020\/10\/kraemermarkt_20_01-768x1024.jpg\" alt=\"\" class=\"wp-image-2254\" srcset=\"https:\/\/mv-gechingen.de\/wordpress_01\/wp-content\/uploads\/2020\/10\/kraemermarkt_20_01-768x1024.jpg 768w, https:\/\/mv-gechingen.de\/wordpress_01\/wp-content\/uploads\/2020\/10\/kraemermarkt_20_01-225x300.jpg 225w, https:\/\/mv-gechingen.de\/wordpress_01\/wp-content\/uploads\/2020\/10\/kraemermarkt_20_01.jpg 900w\" sizes=\"(max-width: 768px) 100vw, 768px\" \/><\/figure>\n\n\n\n<p>P\u00fcnktlich um 6 Uhr ging es an diesem Tag f\u00fcr unsere flei\u00dfigen Brotb\u00e4ckerinnen und Brotb\u00e4cker im Dachteler Backhaus los. Der Brotteig wurde in gleichm\u00e4\u00dfige Teile abgewogen und in Form gebracht. In kleinen K\u00f6rbchen konnten die geformten Brotteiglinge noch eine kurze Zeit ruhen, bevor sie zum Backen in den Ofen geschoben wurden. Den Brotteig haben wir bereits am Vortag vorbereitet und ordentlich durch geknetet. Insgesamt haben wir etwa 150 Laibe frisches Brot gebacken.<\/p>\n\n\n\n<figure class=\"wp-block-image size-large\"><img loading=\"lazy\" decoding=\"async\" width=\"1024\" height=\"768\" src=\"https:\/\/mv-gechingen.de\/wordpress_01\/wp-content\/uploads\/2020\/10\/kraemermarkt_20_02-1024x768.jpg\" alt=\"\" class=\"wp-image-2255\" srcset=\"https:\/\/mv-gechingen.de\/wordpress_01\/wp-content\/uploads\/2020\/10\/kraemermarkt_20_02-1024x768.jpg 1024w, https:\/\/mv-gechingen.de\/wordpress_01\/wp-content\/uploads\/2020\/10\/kraemermarkt_20_02-300x225.jpg 300w, https:\/\/mv-gechingen.de\/wordpress_01\/wp-content\/uploads\/2020\/10\/kraemermarkt_20_02-768x576.jpg 768w, https:\/\/mv-gechingen.de\/wordpress_01\/wp-content\/uploads\/2020\/10\/kraemermarkt_20_02-400x300.jpg 400w, https:\/\/mv-gechingen.de\/wordpress_01\/wp-content\/uploads\/2020\/10\/kraemermarkt_20_02.jpg 1200w\" sizes=\"(max-width: 1024px) 100vw, 1024px\" \/><figcaption>Unsere flei\u00dfigen Brotb\u00e4ckerinnen und Brotb\u00e4cker vor dem Dachteler Backhaus.<\/figcaption><\/figure>\n\n\n\n<p>Um 7 Uhr startete unser Verkaufsteam mit dem Aufbau unseres Stands und der Zubereitung des Cr\u00eapes-Teigs.<\/p>\n\n\n\n<figure class=\"wp-block-image size-large\"><img loading=\"lazy\" decoding=\"async\" width=\"800\" height=\"588\" src=\"https:\/\/mv-gechingen.de\/wordpress_01\/wp-content\/uploads\/2020\/10\/kraemermarkt_20_03.jpg\" alt=\"\" class=\"wp-image-2256\" srcset=\"https:\/\/mv-gechingen.de\/wordpress_01\/wp-content\/uploads\/2020\/10\/kraemermarkt_20_03.jpg 800w, https:\/\/mv-gechingen.de\/wordpress_01\/wp-content\/uploads\/2020\/10\/kraemermarkt_20_03-300x221.jpg 300w, https:\/\/mv-gechingen.de\/wordpress_01\/wp-content\/uploads\/2020\/10\/kraemermarkt_20_03-768x564.jpg 768w, https:\/\/mv-gechingen.de\/wordpress_01\/wp-content\/uploads\/2020\/10\/kraemermarkt_20_03-408x300.jpg 408w\" sizes=\"(max-width: 800px) 100vw, 800px\" \/><figcaption>Unser Stand auf dem Gechinger Kr\u00e4mermarkt.<\/figcaption><\/figure>\n\n\n\n<p>Dank der gro\u00dfen, sehr erfreulichen Nachfrage waren wir am Ende des Tages komplett ausverkauft. Somit war es f\u00fcr uns ein sehr sch\u00f6ner gemeinsamer und erfolgreicher Tag.<br>Wir bedanken uns bei allen flei\u00dfigen und helfenden H\u00e4nden sowie den zahlreichen Besuchern!<\/p>\n\n\n\n<figure class=\"wp-block-image size-large\"><img loading=\"lazy\" decoding=\"async\" width=\"720\" height=\"960\" src=\"https:\/\/mv-gechingen.de\/wordpress_01\/wp-content\/uploads\/2020\/10\/kraemermarkt_20_04.jpg\" alt=\"\" class=\"wp-image-2257\" srcset=\"https:\/\/mv-gechingen.de\/wordpress_01\/wp-content\/uploads\/2020\/10\/kraemermarkt_20_04.jpg 720w, https:\/\/mv-gechingen.de\/wordpress_01\/wp-content\/uploads\/2020\/10\/kraemermarkt_20_04-225x300.jpg 225w\" sizes=\"(max-width: 720px) 100vw, 720px\" \/><\/figure>\n","protected":false},"excerpt":{"rendered":"<p>Beim Gechinger Kr\u00e4mermarkt am vergangenen Freitag waren wir Musiker vom Musikverein Gechingen mit einem kulinarischen Stand vertreten. Neben leckeren Cr\u00eapes hatten wir selbst gebackenes Holzofenbrot und Schmalzbrot im Angebot. P\u00fcnktlich um 6 Uhr ging es an diesem Tag f\u00fcr unsere &hellip; <a href=\"https:\/\/mv-gechingen.de\/?p=2252\">Weiterlesen <span class=\"meta-nav\">&rarr;<\/span><\/a><\/p>\n","protected":false},"author":1,"featured_media":2258,"comment_status":"closed","ping_status":"closed","sticky":false,"template":"","format":"standard","meta":{"footnotes":""},"categories":[1],"tags":[],"_links":{"self":[{"href":"https:\/\/mv-gechingen.de\/index.php?rest_route=\/wp\/v2\/posts\/2252"}],"collection":[{"href":"https:\/\/mv-gechingen.de\/index.php?rest_route=\/wp\/v2\/posts"}],"about":[{"href":"https:\/\/mv-gechingen.de\/index.php?rest_route=\/wp\/v2\/types\/post"}],"author":[{"embeddable":true,"href":"https:\/\/mv-gechingen.de\/index.php?rest_route=\/wp\/v2\/users\/1"}],"replies":[{"embeddable":true,"href":"https:\/\/mv-gechingen.de\/index.php?rest_route=%2Fwp%2Fv2%2Fcomments&post=2252"}],"version-history":[{"count":3,"href":"https:\/\/mv-gechingen.de\/index.php?rest_route=\/wp\/v2\/posts\/2252\/revisions"}],"predecessor-version":[{"id":2262,"href":"https:\/\/mv-gechingen.de\/index.php?rest_route=\/wp\/v2\/posts\/2252\/revisions\/2262"}],"wp:featuredmedia":[{"embeddable":true,"href":"https:\/\/mv-gechingen.de\/index.php?rest_route=\/wp\/v2\/media\/2258"}],"wp:attachment":[{"href":"https:\/\/mv-gechingen.de\/index.php?rest_route=%2Fwp%2Fv2%2Fmedia&parent=2252"}],"wp:term":[{"taxonomy":"category","embeddable":true,"href":"https:\/\/mv-gechingen.de\/index.php?rest_route=%2Fwp%2Fv2%2Fcategories&post=2252"},{"taxonomy":"post_tag","embeddable":true,"href":"https:\/\/mv-gechingen.de\/index.php?rest_route=%2Fwp%2Fv2%2Ftags&post=2252"}],"curies":[{"name":"wp","href":"https:\/\/api.w.org\/{rel}","templated":true}]}}