{"id":2315,"date":"2021-01-24T22:36:56","date_gmt":"2021-01-24T21:36:56","guid":{"rendered":"https:\/\/mv-gechingen.de\/?p=2315"},"modified":"2021-04-06T16:47:04","modified_gmt":"2021-04-06T14:47:04","slug":"rueckblick-hauptversammlung-23-01-2021","status":"publish","type":"post","link":"https:\/\/mv-gechingen.de\/?p=2315","title":{"rendered":"R\u00fcckblick Hauptversammlung 2021"},"content":{"rendered":"\n<p>Aufgrund der aktuellen Umst\u00e4nde der Corona-Pandemie hat sich der Musikverein Gechingen f\u00fcr die Durchf\u00fchrung einer virtuellen Hauptversammlung per Online-Meeting entschlossen. Diese war unter einem \u00f6ffentlichen Internetlink zug\u00e4nglich und hat am Samstag, den 23.01.2021 um 20 Uhr stattgefunden.<\/p>\n\n\n\n<figure class=\"wp-block-image size-large is-resized\"><img loading=\"lazy\" decoding=\"async\" src=\"https:\/\/mv-gechingen.de\/wordpress_01\/wp-content\/uploads\/2021\/01\/Hauptversammlung-2021_1.jpg\" alt=\"\" class=\"wp-image-2318\" width=\"614\" height=\"345\" srcset=\"https:\/\/mv-gechingen.de\/wordpress_01\/wp-content\/uploads\/2021\/01\/Hauptversammlung-2021_1.jpg 847w, https:\/\/mv-gechingen.de\/wordpress_01\/wp-content\/uploads\/2021\/01\/Hauptversammlung-2021_1-300x169.jpg 300w, https:\/\/mv-gechingen.de\/wordpress_01\/wp-content\/uploads\/2021\/01\/Hauptversammlung-2021_1-768x433.jpg 768w, https:\/\/mv-gechingen.de\/wordpress_01\/wp-content\/uploads\/2021\/01\/Hauptversammlung-2021_1-500x282.jpg 500w\" sizes=\"(max-width: 614px) 100vw, 614px\" \/><\/figure>\n\n\n\n<p>Der Vorsitzende Sebastian Lutz begr\u00fc\u00dfte alle Teilnehmer. In einem kurzen Moment der Stille wurde den im letzten Jahr verstorbenen Mitgliedern gedacht. In seinem Bericht blickt Sebastian Lutz auf ein vergangenes Jahr 2020 zur\u00fcck, das zwar anstrengend und sicherlich anders als erwartet war, aber in dem viel Positives entstanden und sichtbar geworden ist. Nach einem ganz normalen Start ins Jahr musste die Vereinsarbeit aufgrund der Corona-Pandemie in weiten Teilen eingestellt werden, die Grundpfeiler eines normalen Vereinsjahres mussten abgesagt werden. Dennoch wurde das Jahr 2020 im Rahmen der M\u00f6glichkeiten gemeinsam als Verein gemeistert. Mit viel Kreativit\u00e4t, Flexibilit\u00e4t und Engagement wurden neue Ideen entwickelt und gemeinsam getragen. Er bedankte sich bei allen f\u00fcr das Herzblut, das auch &#8211; oder gerade &#8211; in herausfordernden Zeiten in den Verein gesteckt wird.<\/p>\n\n\n\n<p>Auch im Bereich der digitalen Zusammenarbeit hat der Verein neue Wege beschritten. Die Technik sei zwar noch nicht auf dem Stand, das ein gemeinsames Musizieren \u00fcber das Internet erm\u00f6glicht und hat auch sonst ihre T\u00fccken. Doch Video- und Fotoaktionen sowie digitale Treffen, von Sitzungen der Vorstandschaft \u00fcber Planungstreffen und digitalen Theorieunterricht bis hin zu lockeren Zusammenk\u00fcnften wie dem gemeinsamen Jahresabschluss haben dazu beigetragen, auch in Lockdown-Zeiten Kontakt zu halten und den Verein voran zu bringen. Der Vorsitzende hob an dieser Stelle besonders hervor, dass die Jugendausbildung \u00fcber digitale Wege zwar erschwert, aber unterbrechungsfrei stattfinden konnte. Er bedankte sich hierf\u00fcr bei allen Ausbilderinnen und Ausbildern sowie bei allen Familien der jungen Mitglieder. Er blicke&nbsp;optimistisch nach vorne auf ein ebenso herausforderndes, ebenso so sehr anderes und dennoch erfolgreiches Jahr 2021.<\/p>\n\n\n\n<figure class=\"wp-block-image size-large\"><img loading=\"lazy\" decoding=\"async\" width=\"1024\" height=\"768\" src=\"https:\/\/mv-gechingen.de\/wordpress_01\/wp-content\/uploads\/2021\/01\/Hauptversammlung-2021_2-1024x768.jpg\" alt=\"\" class=\"wp-image-2316\" srcset=\"https:\/\/mv-gechingen.de\/wordpress_01\/wp-content\/uploads\/2021\/01\/Hauptversammlung-2021_2-1024x768.jpg 1024w, https:\/\/mv-gechingen.de\/wordpress_01\/wp-content\/uploads\/2021\/01\/Hauptversammlung-2021_2-300x225.jpg 300w, https:\/\/mv-gechingen.de\/wordpress_01\/wp-content\/uploads\/2021\/01\/Hauptversammlung-2021_2-768x576.jpg 768w, https:\/\/mv-gechingen.de\/wordpress_01\/wp-content\/uploads\/2021\/01\/Hauptversammlung-2021_2-1536x1152.jpg 1536w, https:\/\/mv-gechingen.de\/wordpress_01\/wp-content\/uploads\/2021\/01\/Hauptversammlung-2021_2-2048x1536.jpg 2048w, https:\/\/mv-gechingen.de\/wordpress_01\/wp-content\/uploads\/2021\/01\/Hauptversammlung-2021_2-400x300.jpg 400w\" sizes=\"(max-width: 1024px) 100vw, 1024px\" \/><figcaption> Die Hauptversammlung 2021 &#8211; Zum ersten Mal virtuell von zuhause<\/figcaption><\/figure>\n\n\n\n<p>Im Anschluss folgte der Bericht der Schriftf\u00fchrerin Kristina Wei\u00df \u00fcber die musikalischen und freizeitlichen Aktivit\u00e4ten im vergangenen Jahr. Diese waren in 2020 aufgrund der Corona-Pandemie stark eingeschr\u00e4nkt. Zu erw\u00e4hnen ist jedoch der 1. Gechinger Zwiebelkuchenverkauf, der Verkauf von selbstgebackenem Bauernbrot auf dem Gechinger Kr\u00e4mermarkt, das kleine Stehkonzert im Gechinger Neubaugebiet sowie der virtuelle Jahresabschluss im Dezember. Zum Abschluss ihres Berichts betonte sie nochmals die tolle und sehr starke Gemeinschaft des Vereins &#8211; trotz der au\u00dfergew\u00f6hnlichen Umst\u00e4nde im vergangenen Jahr. Die Kassenverwalterin Pia Breitling- Krause hielt ihren Bericht \u00fcber die finanzielle Situation des Vereins ab. Dem Verein fehlten im letzten Jahr die Einnahmen aus den Veranstaltungen. Gleichzeitig liefen viele Ausgaben weiterhin, insbesondere jene, die in die Jugendarbeit und -ausbildung flie\u00dfen. Durch die erfolgreichen Veranstaltungen der letzten Jahre und durch die vielen Spendengelder hat sich der Verein ein gutes finanzielles Polster geschaffen. Somit konnten die in 2020 fehlenden Einnahmen aus Modern Music Show, Stra\u00dfenfest und Jahreskonzert zum gro\u00dfen Teil kompensiert werden. Die beiden Kassenpr\u00fcfer Michael D\u00fcrr und Matthias Br\u00e4uhauser hatten bei der Kassenpr\u00fcfung keinerlei Unstimmigkeiten festgestellt. Sie bescheinigten eine einwandfreie und saubere Kassenf\u00fchrung und empfahlen der Versammlung die Entlastung der Kassenverwalterin und der Vorstandschaft.<\/p>\n\n\n\n<p>Dirigent Stefan Schneider blickte in seinem Bericht auf ein Jahr 2020 mit&nbsp; 21 Terminen zur\u00fcck, welche zum gr\u00f6\u00dften Teil aus Proben bestanden sowie aus einem kleinen Stehkonzert im Gechinger Neubaugebiet. Zum Vergleich nannte er die Anzahl der Termine im Jahr 2019, welche bei 53 Terminen zuz\u00fcglich der Konzertreise nach Prag lagen. Er sprach ein gro\u00dfes Dankesch\u00f6n an die Gemeinde Gechingen aus, die einen Probenstart als gro\u00dfe Gruppe in der Gechinger Gemeindehalle genehmigt hatte. Er gab einen kurzen Ausblick auf das kommende Jahr, in dem sich das Musikalische immer an das, was m\u00f6glich ist sowie an das, was die geltenden Verordnungen gestatten und die Gemeinde und Vorstandschaft verantworten k\u00f6nnen, anpassen m\u00fcsse. Dabei schweben ihm bereits viele kreative Ideen vor. Abschlie\u00dfend bedankte er sich beim ganzen Musikverein Gechingen f\u00fcr das vergangene Jahr und die gro\u00dfe soziale Verantwortung.&nbsp;Die Jugendleiterin Luzia Obenaus blickte in ihrem Bericht auf ein besonderes und herausforderndes Musikerjahr 2020 zur\u00fcck, in dem aufgrund der Pandemie sowohl im Fr\u00fchjahr f\u00fcr l\u00e4ngere Zeit als auch seit November kein Pr\u00e4senzunterricht stattfinden konnte. Der Musikunterricht der Jugend wurde daher sehr schnell auf Onlineunterricht umgestellt, sodass nur wenige Unterrichtsstunden ausfallen mussten. An dieser Stelle bedankte sie sich bei allen Jungmusikern, deren Familien sowie bei den Ausbildern f\u00fcr den guten Austausch und die hohe Flexibilit\u00e4t.<\/p>\n\n\n\n<p>Die Entlastung der Vorstandschaft durch die Mitgliederversammlung nahm B\u00fcrgermeister Jens H\u00e4u\u00dfler vor. Die Entlastung wurde einstimmig durch die Anwesenden der Versammlung erteilt. Jens H\u00e4u\u00dfler lobte den Verein f\u00fcr den starken Zusammenhalt und den besonderen Einsatz im f\u00fcr alle au\u00dfergew\u00f6hnlichen Jahr 2020. Die Ehrungen f\u00fcr langj\u00e4hrige aktive Mitgliedschaft im Verein wurden durch den Dirigenten Stefan Schneider als Vertreter des Kreisverbandes durchgef\u00fchrt. F\u00fcr 10 Jahre aktive Mitgliedschaft wurde Benjamin D\u00fcrr und f\u00fcr 20 Jahre wurde Sebastian Lutz geehrt. F\u00fcr 30 Jahre aktive Mitgliedschaft wurde Maren Schneider geehrt.<\/p>\n\n\n\n<figure class=\"wp-block-image size-large\"><img decoding=\"async\" src=\"https:\/\/mv-gechingen.de\/wordpress_01\/wp-content\/uploads\/2021\/01\/Hauptversammlung-2021_3-1024x576.jpg\" alt=\"\" class=\"wp-image-2317\"\/><figcaption>Die Vorstandschaft wurde zur H\u00e4lfte neu gew\u00e4hlt &#8211; Alle bisherigen und neu gew\u00e4hlten Ausschussmitglieder im digitalen Gruppenfoto<\/figcaption><\/figure>\n\n\n\n<p>Die Neuwahlen f\u00fcr die H\u00e4lfte der Vorstandschaft wurden durch den Ehrenvorsitzenden Frank Talmon L\u2019Arm\u00e9e durchgef\u00fchrt. Die in diesem Jahr zur Wahl stehenden Positionen waren: 2. Vorsitzende\/r, Kassenverwalter\/in, Jugendleiter\/in, 2. Beisitzer\/in und 4. Beisitzer\/in. Es waren 56&nbsp;Wahlberechtigte anwesend.&nbsp;Ann-Kathrin Breitling gab ihr Amt als 2. Vorsitzende nach drei erfolgreichen Jahren auf. Der bisherige 3. Beisitzer Timo D\u00fcrr wurde als Nachfolger zur Wahl vorgeschlagen. Dieser nahm die Wahl an und wurde durch offene Wahl einstimmig zum 2. Vorsitzenden f\u00fcr zwei Jahre gew\u00e4hlt. Die Kassenverwalterin Pia Breitling-Krause und die Jugendleiterin Luzia Obenaus waren bereit, ihre \u00c4mter weiter zu f\u00fchren, stellten sich jeweils zur Wahl und wurden jeweils durch offene Wahl einstimmig f\u00fcr zwei Jahre gew\u00e4hlt. Gabi Weik gab ihr Amt als 2. Beisitzerin auf. Sina Breitling wurde als Kandidatin vorgeschlagen. Diese nahm die Wahl an und wurde durch offene Wahl einstimmig zur Beisitzerin f\u00fcr zwei Jahre gew\u00e4hlt. Der 4. Beisitzer Axel D\u00fcrr war bereit, sein Amt weiter zu f\u00fchren. Er stellte sich zur Wahl und wurde durch offene Wahl einstimmig f\u00fcr zwei Jahre gew\u00e4hlt. Da Timo D\u00fcrr aus seinem laufenden Amt als 3. Beisitzer in die neue Position als 2. Vorsitzender gew\u00e4hlt wurde, war seine freiwerdende Position ebenfalls neu zu w\u00e4hlen. Als Nachfolger wurde Michael Schwarz vorgeschlagen. Dieser nahm die Wahl an und wurde durch offene Wahl einstimmig zum Beisitzer f\u00fcr ein Jahr gew\u00e4hlt. Die Versammlung wurde um 21.10 Uhr geschlossen.<\/p>\n","protected":false},"excerpt":{"rendered":"<p>Aufgrund der aktuellen Umst\u00e4nde der Corona-Pandemie hat sich der Musikverein Gechingen f\u00fcr die Durchf\u00fchrung einer virtuellen Hauptversammlung per Online-Meeting entschlossen. Diese war unter einem \u00f6ffentlichen Internetlink zug\u00e4nglich und hat am Samstag, den 23.01.2021 um 20 Uhr stattgefunden. Der Vorsitzende Sebastian &hellip; <a href=\"https:\/\/mv-gechingen.de\/?p=2315\">Weiterlesen <span class=\"meta-nav\">&rarr;<\/span><\/a><\/p>\n","protected":false},"author":1,"featured_media":2317,"comment_status":"closed","ping_status":"closed","sticky":false,"template":"","format":"standard","meta":{"footnotes":""},"categories":[1],"tags":[],"_links":{"self":[{"href":"https:\/\/mv-gechingen.de\/index.php?rest_route=\/wp\/v2\/posts\/2315"}],"collection":[{"href":"https:\/\/mv-gechingen.de\/index.php?rest_route=\/wp\/v2\/posts"}],"about":[{"href":"https:\/\/mv-gechingen.de\/index.php?rest_route=\/wp\/v2\/types\/post"}],"author":[{"embeddable":true,"href":"https:\/\/mv-gechingen.de\/index.php?rest_route=\/wp\/v2\/users\/1"}],"replies":[{"embeddable":true,"href":"https:\/\/mv-gechingen.de\/index.php?rest_route=%2Fwp%2Fv2%2Fcomments&post=2315"}],"version-history":[{"count":3,"href":"https:\/\/mv-gechingen.de\/index.php?rest_route=\/wp\/v2\/posts\/2315\/revisions"}],"predecessor-version":[{"id":2329,"href":"https:\/\/mv-gechingen.de\/index.php?rest_route=\/wp\/v2\/posts\/2315\/revisions\/2329"}],"wp:featuredmedia":[{"embeddable":true,"href":"https:\/\/mv-gechingen.de\/index.php?rest_route=\/wp\/v2\/media\/2317"}],"wp:attachment":[{"href":"https:\/\/mv-gechingen.de\/index.php?rest_route=%2Fwp%2Fv2%2Fmedia&parent=2315"}],"wp:term":[{"taxonomy":"category","embeddable":true,"href":"https:\/\/mv-gechingen.de\/index.php?rest_route=%2Fwp%2Fv2%2Fcategories&post=2315"},{"taxonomy":"post_tag","embeddable":true,"href":"https:\/\/mv-gechingen.de\/index.php?rest_route=%2Fwp%2Fv2%2Ftags&post=2315"}],"curies":[{"name":"wp","href":"https:\/\/api.w.org\/{rel}","templated":true}]}}