{"id":2351,"date":"2021-12-01T21:09:00","date_gmt":"2021-12-01T20:09:00","guid":{"rendered":"https:\/\/mv-gechingen.de\/?p=2351"},"modified":"2021-12-05T09:56:33","modified_gmt":"2021-12-05T08:56:33","slug":"jahreskonzert-2021","status":"publish","type":"post","link":"https:\/\/mv-gechingen.de\/?p=2351","title":{"rendered":"Jahreskonzert 2021 abgesagt!"},"content":{"rendered":"\n<p><strong>Aufgrund der aktuellen Entwicklungen und der stark steigenden Infektionszahlen haben wir die Entscheidung getroffen, dass unser festliches Jahreskonzert unserer Musikerjugend und unseres aktiven Orchesters in der Gechinger Gemeindehalle am 11. und 12. Dezember 2021 nicht stattfinden wird.<\/strong><\/p>\n\n\n\n<p>Seit vielen Wochen proben wir mindestens einmal w\u00f6chentlich gemeinsam, haben kreative Ideen gesammelt und in vielen Vorstandssitzungen Hygienekonzepte erarbeitet, die eine Umsetzung m\u00f6glich machen sollten. Das alles machte uns die Entscheidung nicht leichter. Jeds Musikerin und jeder Musiker hatte sich sehr darauf gefreut, endlich mal wieder auf der B\u00fchne zu sitzen und f\u00fcr ein gro\u00dfes Publikum zu musizieren.<\/p>\n\n\n\n<p>Bleiben Sie gesund, Ihr Musikverein Gechingen!<\/p>\n","protected":false},"excerpt":{"rendered":"<p>Aufgrund der aktuellen Entwicklungen und der stark steigenden Infektionszahlen haben wir die Entscheidung getroffen, dass unser festliches Jahreskonzert unserer Musikerjugend und unseres aktiven Orchesters in der Gechinger Gemeindehalle am 11. und 12. Dezember 2021 nicht stattfinden wird. Seit vielen Wochen &hellip; <a href=\"https:\/\/mv-gechingen.de\/?p=2351\">Weiterlesen <span class=\"meta-nav\">&rarr;<\/span><\/a><\/p>\n","protected":false},"author":1,"featured_media":2383,"comment_status":"closed","ping_status":"closed","sticky":false,"template":"","format":"standard","meta":{"footnotes":""},"categories":[1],"tags":[],"_links":{"self":[{"href":"https:\/\/mv-gechingen.de\/index.php?rest_route=\/wp\/v2\/posts\/2351"}],"collection":[{"href":"https:\/\/mv-gechingen.de\/index.php?rest_route=\/wp\/v2\/posts"}],"about":[{"href":"https:\/\/mv-gechingen.de\/index.php?rest_route=\/wp\/v2\/types\/post"}],"author":[{"embeddable":true,"href":"https:\/\/mv-gechingen.de\/index.php?rest_route=\/wp\/v2\/users\/1"}],"replies":[{"embeddable":true,"href":"https:\/\/mv-gechingen.de\/index.php?rest_route=%2Fwp%2Fv2%2Fcomments&post=2351"}],"version-history":[{"count":15,"href":"https:\/\/mv-gechingen.de\/index.php?rest_route=\/wp\/v2\/posts\/2351\/revisions"}],"predecessor-version":[{"id":2400,"href":"https:\/\/mv-gechingen.de\/index.php?rest_route=\/wp\/v2\/posts\/2351\/revisions\/2400"}],"wp:featuredmedia":[{"embeddable":true,"href":"https:\/\/mv-gechingen.de\/index.php?rest_route=\/wp\/v2\/media\/2383"}],"wp:attachment":[{"href":"https:\/\/mv-gechingen.de\/index.php?rest_route=%2Fwp%2Fv2%2Fmedia&parent=2351"}],"wp:term":[{"taxonomy":"category","embeddable":true,"href":"https:\/\/mv-gechingen.de\/index.php?rest_route=%2Fwp%2Fv2%2Fcategories&post=2351"},{"taxonomy":"post_tag","embeddable":true,"href":"https:\/\/mv-gechingen.de\/index.php?rest_route=%2Fwp%2Fv2%2Ftags&post=2351"}],"curies":[{"name":"wp","href":"https:\/\/api.w.org\/{rel}","templated":true}]}}