{"id":2435,"date":"2022-02-18T12:57:20","date_gmt":"2022-02-18T11:57:20","guid":{"rendered":"https:\/\/mv-gechingen.de\/?p=2435"},"modified":"2022-02-18T12:57:20","modified_gmt":"2022-02-18T11:57:20","slug":"neuer-zwiebelkuchenofen-fuer-veranstaltungen-nunbestens-ausgestattet","status":"publish","type":"post","link":"https:\/\/mv-gechingen.de\/?p=2435","title":{"rendered":"Neuer Zwiebelkuchenofen &#8211; F\u00fcr Veranstaltungen nun<br>bestens ausgestattet"},"content":{"rendered":"\n<p>Seit mehr als 45 Jahren veranstaltet der Musikverein Gechingen im<br>Sommer das traditionelle Gechinger Stra\u00dfenfest in der Brunnenstra\u00dfe.<br>Die Besucherinnen und Besucher werden an diesem Festwochenende<br>sowohl musikalisch als auch kulinarisch bestens versorgt. Neben<br>Steaks, roter Wurst, Pommes, Salaten und s\u00fc\u00dfem Kuchen gibt es jedes<br>Jahr den beliebten Zwiebel- und Kartoffelkuchen. Dieser wird von den<br>Musikerinnen und Musikern aufw\u00e4ndig selbst gemacht und in der<br>Backstube der B\u00e4ckerei Nagel oder im Backhaus in Dachtel<br>vorgebacken. Am Verkaufsstand werden die Kuchen dann in einem<br>vereinseigenen Ofen frisch aufgew\u00e4rmt. Nachdem unser alter Ofen nach<br>mehr als 30 Jahren leider nicht mehr funktionieren wollte, musste<br>f\u00fcr Ersatz gesorgt werden.<\/p>\n\n\n\n<p>In den letzten beiden Jahren fiel unser Stra\u00dfenfest aufgrund der<br>Corona-Pandemie aus, was uns genug Zeit verschaffte, um nach einem<br>neuen Ofen zu suchen. Mit Unterst\u00fctzung des Sportheimwirts fanden<br>wir schlie\u00dflich einen passenden, modernen Ofen, der in k\u00fcrzester<br>Zeit rund zweimal acht Kuchen erw\u00e4rmen kann. Schnell wurde durch die<br>Vorstandschaft des Vereins der Gedanke gefasst, dass wir so einen<br>tollen Ofen nicht nur f\u00fcr unser eigenes Stra\u00dfenfest nutzen, sondern<br>zum Beispiel auch anderen Vereinen und Gewerbetreibenden zur<br>Verf\u00fcgung stellen m\u00f6chten. Dies f\u00fchrte uns schlie\u00dflich zum<br>F\u00f6rderprogramm \u201eLEADER Heckeng\u00e4u\u201c, wo wir im vergangenen Sommer<br>einen Antrag stellten. Die Freude war sehr gro\u00df, als wir die<br>F\u00f6rderzusage erhielten. Mitgef\u00f6rdert wurde auch ein passender<br>Anh\u00e4nger, ein neuer Tiefk\u00fchlschrank sowie ein mobiles Wasch- und<br>Desinfektionsbecken. In Summe ergibt dies ein modernes, voll<br>ausgestattetes \u201eBackmobil\u201c, welches \u00fcberall zum Einsatz kommen kann.<br>Zum Nettogesamtpreis von rund 11.000 Euro steuerte LEADER Heckeng\u00e4u<br>den h\u00f6chstm\u00f6glichen F\u00f6rdersatz von 80 Prozent bei \u2013 eine F\u00f6rdersumme<br>von rund 8.900 Euro. Der Musikverein Gechingen spricht LEADER<br>Heckeng\u00e4u hierf\u00fcr ein riesiges Dankesch\u00f6n aus!<\/p>\n\n\n\n<figure class=\"wp-block-image size-full\"><a href=\"https:\/\/mv-gechingen.de\/wordpress_01\/wp-content\/uploads\/2022\/02\/f8c31117-a687-48d1-ba65-7ff06b671e1b.jpg\"><img loading=\"lazy\" decoding=\"async\" width=\"1024\" height=\"682\" src=\"https:\/\/mv-gechingen.de\/wordpress_01\/wp-content\/uploads\/2022\/02\/f8c31117-a687-48d1-ba65-7ff06b671e1b.jpg\" alt=\"\" class=\"wp-image-2436\" srcset=\"https:\/\/mv-gechingen.de\/wordpress_01\/wp-content\/uploads\/2022\/02\/f8c31117-a687-48d1-ba65-7ff06b671e1b.jpg 1024w, https:\/\/mv-gechingen.de\/wordpress_01\/wp-content\/uploads\/2022\/02\/f8c31117-a687-48d1-ba65-7ff06b671e1b-300x200.jpg 300w, https:\/\/mv-gechingen.de\/wordpress_01\/wp-content\/uploads\/2022\/02\/f8c31117-a687-48d1-ba65-7ff06b671e1b-768x512.jpg 768w, https:\/\/mv-gechingen.de\/wordpress_01\/wp-content\/uploads\/2022\/02\/f8c31117-a687-48d1-ba65-7ff06b671e1b-450x300.jpg 450w\" sizes=\"(max-width: 1024px) 100vw, 1024px\" \/><\/a><figcaption> Der neue mobile Backofen ist angekommen und wird von LEADER Heckeng\u00e4u mit der F\u00f6rderplakette versehen (Foto: Jeanette Tr\u00f6ger, Schwarzw\u00e4lder Bote)<\/figcaption><\/figure>\n\n\n\n<p>Unsere Vorfreude auf kommende Veranstaltungen und Festivit\u00e4ten in<br>der Gechinger Gemeinde ist gro\u00df \u2013 wir sind mit dem Backmobil nun<br>bestens ausgestattet.<\/p>\n\n\n\n<p>Ausblick auf das Jahr 2022:<br>Unsere geliebte Modern Music Show muss leider auch in diesem Jahr<br>pandemiebedingt abgesagt werden. Die Vorbereitungsphase f\u00fcr<br>Musikauswahl, Register- und Gesamtproben, Show-Elemente und vieles<br>mehr startet in normalen Zeiten bereits viele Monate im Voraus. Ein<br>Normalbetrieb war in den letzten Monaten bekanntlich nicht m\u00f6glich,<br>was wir sehr bedauern. Wir blicken dennoch optimistisch auf die<br>kommenden Monate und treffen bereits erste Planungen f\u00fcr ein Open<br>Air-Konzert im Sommer. Seit letzter Woche haben wir wieder mit dem<br>Probenbetrieb begonnen. So starten wir nun Schritt f\u00fcr Schritt und<br>unter Einhaltung entsprechender Regeln wieder in unsere gemeinsamen,<br>musikalischen Vereinsaktivit\u00e4ten.<\/p>\n\n\n\n<p><\/p>\n","protected":false},"excerpt":{"rendered":"<p>Seit mehr als 45 Jahren veranstaltet der Musikverein Gechingen imSommer das traditionelle Gechinger Stra\u00dfenfest in der Brunnenstra\u00dfe.Die Besucherinnen und Besucher werden an diesem Festwochenendesowohl musikalisch als auch kulinarisch bestens versorgt. NebenSteaks, roter Wurst, Pommes, Salaten und s\u00fc\u00dfem Kuchen gibt es &hellip; <a href=\"https:\/\/mv-gechingen.de\/?p=2435\">Weiterlesen <span class=\"meta-nav\">&rarr;<\/span><\/a><\/p>\n","protected":false},"author":1,"featured_media":2438,"comment_status":"closed","ping_status":"closed","sticky":false,"template":"","format":"standard","meta":{"footnotes":""},"categories":[1],"tags":[],"_links":{"self":[{"href":"https:\/\/mv-gechingen.de\/index.php?rest_route=\/wp\/v2\/posts\/2435"}],"collection":[{"href":"https:\/\/mv-gechingen.de\/index.php?rest_route=\/wp\/v2\/posts"}],"about":[{"href":"https:\/\/mv-gechingen.de\/index.php?rest_route=\/wp\/v2\/types\/post"}],"author":[{"embeddable":true,"href":"https:\/\/mv-gechingen.de\/index.php?rest_route=\/wp\/v2\/users\/1"}],"replies":[{"embeddable":true,"href":"https:\/\/mv-gechingen.de\/index.php?rest_route=%2Fwp%2Fv2%2Fcomments&post=2435"}],"version-history":[{"count":1,"href":"https:\/\/mv-gechingen.de\/index.php?rest_route=\/wp\/v2\/posts\/2435\/revisions"}],"predecessor-version":[{"id":2439,"href":"https:\/\/mv-gechingen.de\/index.php?rest_route=\/wp\/v2\/posts\/2435\/revisions\/2439"}],"wp:featuredmedia":[{"embeddable":true,"href":"https:\/\/mv-gechingen.de\/index.php?rest_route=\/wp\/v2\/media\/2438"}],"wp:attachment":[{"href":"https:\/\/mv-gechingen.de\/index.php?rest_route=%2Fwp%2Fv2%2Fmedia&parent=2435"}],"wp:term":[{"taxonomy":"category","embeddable":true,"href":"https:\/\/mv-gechingen.de\/index.php?rest_route=%2Fwp%2Fv2%2Fcategories&post=2435"},{"taxonomy":"post_tag","embeddable":true,"href":"https:\/\/mv-gechingen.de\/index.php?rest_route=%2Fwp%2Fv2%2Ftags&post=2435"}],"curies":[{"name":"wp","href":"https:\/\/api.w.org\/{rel}","templated":true}]}}