{"id":2481,"date":"2022-07-30T12:28:35","date_gmt":"2022-07-30T10:28:35","guid":{"rendered":"https:\/\/mv-gechingen.de\/?p=2481"},"modified":"2022-07-30T12:28:35","modified_gmt":"2022-07-30T10:28:35","slug":"rueckblick-gechinger-strassenfest","status":"publish","type":"post","link":"https:\/\/mv-gechingen.de\/?p=2481","title":{"rendered":"R\u00fcckblick Gechinger Stra\u00dfenfest"},"content":{"rendered":"\n<p>Am 9. und 10. Juli fand nach zwei langen Jahren endlich wieder in der Brunnenstra\u00dfe das traditionelle<strong> <\/strong>Gechinger Stra\u00dfenfest des Musikverein Gechingen statt. Jung und Alt genossen ab Samstagnachmittag bis Sonntagabend die gemeinsam verbrachte Zeit bei leckeren K\u00f6stlichkeiten und unterhaltsamer Musik.&nbsp;<\/p>\n\n\n\n<p>Ab 12 Uhr wurde unser selbstgemachter Kartoffel- und Zwiebelkuchen verkauft, ab 16 Uhr war dann der Beginn des Festbetriebs. Unsere Musikfreunde vom Musikverein Stammheim waren als erstes auf der B\u00fchne zu h\u00f6ren und boten unseren Besucherinnen und Besuchern erstklassige Unterhaltungsmusik.&nbsp;<\/p>\n\n\n\n<p>Sp\u00e4ter sorgten erst die \u201eGolmer Buam\u201c und im Anschluss die \u201eTanzband Feedback\u201c f\u00fcr ein stimmungsvolles Abendprogramm, welches zum Klatschen, Tanzen und Feiern animierte. Wir verbrachten eine Partynacht in toller Atmosph\u00e4re.<\/p>\n\n\n\n<p>Der Sonntag begann mit einem Gottesdienst im Freien, musikalisch begleitet vom Posaunenchor. Unsere G\u00e4ste genossen zum Mittagsessen Maultaschen mit Kartoffelsalat, Steaks, Currywurst, Griechischen Salat und vieles mehr, w\u00e4hrend unsere Jungmusiker auf der B\u00fchne Platz nahmen. Unser neues Zwiebelkuchenmobil wurde w\u00e4hrend des ganzen Festwochenendes ordentlich eingeheizt, insgesamt wurden rund 700 Zwiebelkuchen verkauft.<\/p>\n\n\n\n<p>Den musikalischen Abschluss des gelungenen Stra\u00dfenfestes machten unsere Musikfreunde des Musikverein Althengstett und des Musikverein Beinberg. Beim Spielmobil mit Pedalos, Diabolos oder dem kreisrunden Fahrbrett hatten w\u00e4hrenddessen unsere kleinen Festbesucher gro\u00dfen Spa\u00df.<\/p>\n\n\n\n<p>Wir bedanken uns bei allen Besucherinnen und Besuchern, bei allen Musikerinnen und Musikern und bei allen Helferinnen und Helfern f\u00fcr das tolle, festreiche Wochenende.<\/p>\n\n\n\n<figure class=\"wp-block-gallery has-nested-images columns-default is-cropped wp-block-gallery-1 is-layout-flex wp-block-gallery-is-layout-flex\">\n<figure class=\"wp-block-image size-large\"><a href=\"https:\/\/mv-gechingen.de\/wordpress_01\/wp-content\/uploads\/2022\/07\/IMG_2477-scaled.jpg\"><img loading=\"lazy\" decoding=\"async\" width=\"1024\" height=\"768\" data-id=\"2485\" src=\"https:\/\/mv-gechingen.de\/wordpress_01\/wp-content\/uploads\/2022\/07\/IMG_2477-1024x768.jpg\" alt=\"\" class=\"wp-image-2485\" srcset=\"https:\/\/mv-gechingen.de\/wordpress_01\/wp-content\/uploads\/2022\/07\/IMG_2477-1024x768.jpg 1024w, https:\/\/mv-gechingen.de\/wordpress_01\/wp-content\/uploads\/2022\/07\/IMG_2477-300x225.jpg 300w, https:\/\/mv-gechingen.de\/wordpress_01\/wp-content\/uploads\/2022\/07\/IMG_2477-768x576.jpg 768w, https:\/\/mv-gechingen.de\/wordpress_01\/wp-content\/uploads\/2022\/07\/IMG_2477-1536x1152.jpg 1536w, https:\/\/mv-gechingen.de\/wordpress_01\/wp-content\/uploads\/2022\/07\/IMG_2477-2048x1536.jpg 2048w, https:\/\/mv-gechingen.de\/wordpress_01\/wp-content\/uploads\/2022\/07\/IMG_2477-400x300.jpg 400w\" sizes=\"(max-width: 1024px) 100vw, 1024px\" \/><\/a><\/figure>\n\n\n\n<figure class=\"wp-block-image size-large\"><a href=\"https:\/\/mv-gechingen.de\/wordpress_01\/wp-content\/uploads\/2022\/07\/IMG_2487-scaled.jpg\"><img loading=\"lazy\" decoding=\"async\" width=\"768\" height=\"1024\" data-id=\"2484\" src=\"https:\/\/mv-gechingen.de\/wordpress_01\/wp-content\/uploads\/2022\/07\/IMG_2487-768x1024.jpg\" alt=\"\" class=\"wp-image-2484\" srcset=\"https:\/\/mv-gechingen.de\/wordpress_01\/wp-content\/uploads\/2022\/07\/IMG_2487-768x1024.jpg 768w, https:\/\/mv-gechingen.de\/wordpress_01\/wp-content\/uploads\/2022\/07\/IMG_2487-225x300.jpg 225w, https:\/\/mv-gechingen.de\/wordpress_01\/wp-content\/uploads\/2022\/07\/IMG_2487-1152x1536.jpg 1152w, https:\/\/mv-gechingen.de\/wordpress_01\/wp-content\/uploads\/2022\/07\/IMG_2487-1536x2048.jpg 1536w, https:\/\/mv-gechingen.de\/wordpress_01\/wp-content\/uploads\/2022\/07\/IMG_2487-scaled.jpg 1920w\" sizes=\"(max-width: 768px) 100vw, 768px\" \/><\/a><\/figure>\n\n\n\n<figure class=\"wp-block-image size-large\"><a href=\"https:\/\/mv-gechingen.de\/wordpress_01\/wp-content\/uploads\/2022\/07\/IMG_2505-scaled.jpg\"><img loading=\"lazy\" decoding=\"async\" width=\"1024\" height=\"768\" data-id=\"2486\" src=\"https:\/\/mv-gechingen.de\/wordpress_01\/wp-content\/uploads\/2022\/07\/IMG_2505-1024x768.jpg\" alt=\"\" class=\"wp-image-2486\" srcset=\"https:\/\/mv-gechingen.de\/wordpress_01\/wp-content\/uploads\/2022\/07\/IMG_2505-1024x768.jpg 1024w, https:\/\/mv-gechingen.de\/wordpress_01\/wp-content\/uploads\/2022\/07\/IMG_2505-300x225.jpg 300w, https:\/\/mv-gechingen.de\/wordpress_01\/wp-content\/uploads\/2022\/07\/IMG_2505-768x576.jpg 768w, https:\/\/mv-gechingen.de\/wordpress_01\/wp-content\/uploads\/2022\/07\/IMG_2505-1536x1152.jpg 1536w, https:\/\/mv-gechingen.de\/wordpress_01\/wp-content\/uploads\/2022\/07\/IMG_2505-2048x1536.jpg 2048w, https:\/\/mv-gechingen.de\/wordpress_01\/wp-content\/uploads\/2022\/07\/IMG_2505-400x300.jpg 400w\" sizes=\"(max-width: 1024px) 100vw, 1024px\" \/><\/a><\/figure>\n\n\n\n<figure class=\"wp-block-image size-large\"><a href=\"https:\/\/mv-gechingen.de\/wordpress_01\/wp-content\/uploads\/2022\/07\/IMG_2521-scaled.jpg\"><img loading=\"lazy\" decoding=\"async\" width=\"1024\" height=\"768\" data-id=\"2482\" src=\"https:\/\/mv-gechingen.de\/wordpress_01\/wp-content\/uploads\/2022\/07\/IMG_2521-1024x768.jpg\" alt=\"\" class=\"wp-image-2482\" srcset=\"https:\/\/mv-gechingen.de\/wordpress_01\/wp-content\/uploads\/2022\/07\/IMG_2521-1024x768.jpg 1024w, https:\/\/mv-gechingen.de\/wordpress_01\/wp-content\/uploads\/2022\/07\/IMG_2521-300x225.jpg 300w, https:\/\/mv-gechingen.de\/wordpress_01\/wp-content\/uploads\/2022\/07\/IMG_2521-768x576.jpg 768w, https:\/\/mv-gechingen.de\/wordpress_01\/wp-content\/uploads\/2022\/07\/IMG_2521-1536x1152.jpg 1536w, https:\/\/mv-gechingen.de\/wordpress_01\/wp-content\/uploads\/2022\/07\/IMG_2521-2048x1536.jpg 2048w, https:\/\/mv-gechingen.de\/wordpress_01\/wp-content\/uploads\/2022\/07\/IMG_2521-400x300.jpg 400w\" sizes=\"(max-width: 1024px) 100vw, 1024px\" \/><\/a><\/figure>\n\n\n\n<figure class=\"wp-block-image size-large\"><a href=\"https:\/\/mv-gechingen.de\/wordpress_01\/wp-content\/uploads\/2022\/07\/IMG_20220710_114812-scaled.jpg\"><img loading=\"lazy\" decoding=\"async\" width=\"1024\" height=\"768\" data-id=\"2483\" src=\"https:\/\/mv-gechingen.de\/wordpress_01\/wp-content\/uploads\/2022\/07\/IMG_20220710_114812-1024x768.jpg\" alt=\"\" class=\"wp-image-2483\" srcset=\"https:\/\/mv-gechingen.de\/wordpress_01\/wp-content\/uploads\/2022\/07\/IMG_20220710_114812-1024x768.jpg 1024w, https:\/\/mv-gechingen.de\/wordpress_01\/wp-content\/uploads\/2022\/07\/IMG_20220710_114812-300x225.jpg 300w, https:\/\/mv-gechingen.de\/wordpress_01\/wp-content\/uploads\/2022\/07\/IMG_20220710_114812-768x576.jpg 768w, https:\/\/mv-gechingen.de\/wordpress_01\/wp-content\/uploads\/2022\/07\/IMG_20220710_114812-1536x1152.jpg 1536w, https:\/\/mv-gechingen.de\/wordpress_01\/wp-content\/uploads\/2022\/07\/IMG_20220710_114812-2048x1536.jpg 2048w, https:\/\/mv-gechingen.de\/wordpress_01\/wp-content\/uploads\/2022\/07\/IMG_20220710_114812-400x300.jpg 400w\" sizes=\"(max-width: 1024px) 100vw, 1024px\" \/><\/a><\/figure>\n<\/figure>\n","protected":false},"excerpt":{"rendered":"<p>Am 9. und 10. Juli fand nach zwei langen Jahren endlich wieder in der Brunnenstra\u00dfe das traditionelle Gechinger Stra\u00dfenfest des Musikverein Gechingen statt. Jung und Alt genossen ab Samstagnachmittag bis Sonntagabend die gemeinsam verbrachte Zeit bei leckeren K\u00f6stlichkeiten und unterhaltsamer &hellip; <a href=\"https:\/\/mv-gechingen.de\/?p=2481\">Weiterlesen <span class=\"meta-nav\">&rarr;<\/span><\/a><\/p>\n","protected":false},"author":1,"featured_media":2454,"comment_status":"closed","ping_status":"closed","sticky":false,"template":"","format":"standard","meta":{"footnotes":""},"categories":[1],"tags":[],"_links":{"self":[{"href":"https:\/\/mv-gechingen.de\/index.php?rest_route=\/wp\/v2\/posts\/2481"}],"collection":[{"href":"https:\/\/mv-gechingen.de\/index.php?rest_route=\/wp\/v2\/posts"}],"about":[{"href":"https:\/\/mv-gechingen.de\/index.php?rest_route=\/wp\/v2\/types\/post"}],"author":[{"embeddable":true,"href":"https:\/\/mv-gechingen.de\/index.php?rest_route=\/wp\/v2\/users\/1"}],"replies":[{"embeddable":true,"href":"https:\/\/mv-gechingen.de\/index.php?rest_route=%2Fwp%2Fv2%2Fcomments&post=2481"}],"version-history":[{"count":1,"href":"https:\/\/mv-gechingen.de\/index.php?rest_route=\/wp\/v2\/posts\/2481\/revisions"}],"predecessor-version":[{"id":2487,"href":"https:\/\/mv-gechingen.de\/index.php?rest_route=\/wp\/v2\/posts\/2481\/revisions\/2487"}],"wp:featuredmedia":[{"embeddable":true,"href":"https:\/\/mv-gechingen.de\/index.php?rest_route=\/wp\/v2\/media\/2454"}],"wp:attachment":[{"href":"https:\/\/mv-gechingen.de\/index.php?rest_route=%2Fwp%2Fv2%2Fmedia&parent=2481"}],"wp:term":[{"taxonomy":"category","embeddable":true,"href":"https:\/\/mv-gechingen.de\/index.php?rest_route=%2Fwp%2Fv2%2Fcategories&post=2481"},{"taxonomy":"post_tag","embeddable":true,"href":"https:\/\/mv-gechingen.de\/index.php?rest_route=%2Fwp%2Fv2%2Ftags&post=2481"}],"curies":[{"name":"wp","href":"https:\/\/api.w.org\/{rel}","templated":true}]}}