{"id":2511,"date":"2022-12-26T11:57:37","date_gmt":"2022-12-26T10:57:37","guid":{"rendered":"https:\/\/mv-gechingen.de\/?p=2511"},"modified":"2022-12-26T12:02:14","modified_gmt":"2022-12-26T11:02:14","slug":"rueckblick-jahreskonzert-2022","status":"publish","type":"post","link":"https:\/\/mv-gechingen.de\/?p=2511","title":{"rendered":"R\u00fcckblick Jahreskonzert 2022"},"content":{"rendered":"\n<p>Eine gut gef\u00fcllte Gechinger Gemeindehalle, ein begeistertes Publikum und gl\u00fcckliche Musikerinnen und Musiker \u2013 unser Jahreskonzert am vergangenen Samstag war ein gro\u00dfer Erfolg.<\/p>\n\n\n\n<p>Den Anfang des Konzertprogramms gestalteten unsere Nachwuchsmusiker. Los ging es mit unserer Jugendgruppe, geleitet von Stefan Schneider. Unsere Kleinsten bewiesen w\u00e4hrend der gespielten St\u00fccke Ihren Eltern, Gro\u00dfeltern, Geschwistern und dem ganzen Publikum, welche Fortschritte sie gemacht haben. Eindrucksvoll zeigten sie ihr K\u00f6nnen und \u00fcbernahmen auch die Ansage ihrer St\u00fccke selbst.<\/p>\n\n\n\n<p>Die Jugendkapelle, welche nach der Jugendgruppe auf der B\u00fchne den Platz einnahm, spielte in dieser Formation ein letztes Mal. Alle Jugendlichen der Jugendkapelle sind seit dem Sommer im aktiven Orchester und probten w\u00e4hrend der vergangenen Monate in beiden Gruppierungen. Das diesj\u00e4hrige Jahreskonzert war f\u00fcr die zehn Jugendlichen damit zum einen der Abschied ihrer Jugendkapellenzeit und zum anderen der Beginn ihrer neuen musikalischen Herausforderung im aktiven Orchester.<\/p>\n\n\n\n<p>Das Ausbildungskonzept des Musikverein Gechingen hat sich also mehr als bew\u00e4hrt. Dieses Konzept sieht vor, dass alle Neueinsteiger von Beginn an ihr Instrument in der Gruppe erlernen. Damit soll nicht nur der Spa\u00df am Musizieren, sondern auch die Gemeinschaft und der Zusammenhalt unter den Jugendlichen gef\u00f6rdert werden. Erg\u00e4nzt wird das Ausbildungsprogramm mit dem jeweiligen Einzel- und Gruppenunterricht. Sprechen Sie uns bei Interesse gerne an. Alle wichtigen Infos und Kontaktdaten finden Sie hier auf unserer Homepage.<\/p>\n\n\n\n<p>F\u00fcr das Publikum war sicher der gemeinsame Auftritt der Jugendgruppe und -kapelle ein H\u00f6hepunkt des Abends. W\u00e4hrend die Jugendlichen der Jugendkapelle den \u201eCup Song \u2013 When I\u2019m gone\u201c spielten, sorgte die Jugendgruppe durch Klatschen und einstudierte Bewegungen mit Bechern f\u00fcr einen tollen Rhythmus.<\/p>\n\n\n\n<p>Zuletzt nahm das aktive Orchester des Musikverein Gechingen auf der B\u00fchne Platz. Die rund 50 Musikerinnen und Musiker pr\u00e4sentierten ein abwechslungsreiches Programm mit anspruchsvoller und ausdrucksstarker Blasmusik unter der Leitung von Stefan Schneider.<\/p>\n\n\n\n<p>Mit den beiden St\u00fccken \u201eWinds on Fire\u201c und der \u201eYorkshire Ballad\u201c begr\u00fc\u00dfte der Musikverein Gechingen die Zuh\u00f6rer in seinem Konzertprogramm. Einer der H\u00f6hepunkte des Konzertabends war das darauffolgende St\u00fcck \u201eFirst Suites in Es\u201c von Gustav Holst. Es z\u00e4hlt zu den ersten und auch wichtigsten Werke f\u00fcr die Besetzung des Blasorchesters. Das St\u00fcck ebnete durch den Bekanntheitsgrad von Holst den Weg f\u00fcr die Entwicklung der konzertanten Blasmusik im 20. Jahrhundert.<\/p>\n\n\n\n<p>Nach einer kurzen Pause bei leckeren H\u00e4ppchen und Sekt beeindruckte der Musikverein mit dem Konzertmarsch \u201eMars de Medici\u201c und einer Komposition von Steven Reineke mit dem Titel \u201eSedona\u201c. Nicht nur bei den kleinen G\u00e4sten sorgte das n\u00e4chste St\u00fcck f\u00fcr strahlende Augen: das Orchester spielte ein Medley der bekanntesten Melodien aus dem Animationsfilm \u201eFrozen\u201c von Walt Disney. Mit den St\u00fccken \u201eAntonin\u2019s New World\u201c und \u201eFull of Beans\u201c verabschiedete sich der Musikverein Gechingen von seinem Publikum. Den Abschluss des grandiosen Konzertprogramms bildete die Titelmusik des bekannten M\u00e4rchenfilms \u201eDrei Haseln\u00fcsse f\u00fcr Aschenbr\u00f6del\u201c.<\/p>\n\n\n\n<p>Der Musikverein Gechingen m\u00f6chte sich bei allen Helfer<em>innen und Unterst\u00fctzer<\/em>innen bedanken. Die intensiven Vorbereitungen am Konzertabend und in den Tagen zuvor haben zur erfolgreichen Durchf\u00fchrung beigetragen. Ohne diese Zusammenarbeit w\u00e4re eine solche Veranstaltung nicht m\u00f6glich gewesen. Allen Musikerinnen und Musiker, die dieses Jahr leider krankheitsbedingt nicht mitspielen konnten, w\u00fcnschen wir von Herzen gute Besserung. Dar\u00fcber hinaus m\u00f6chten wir uns nat\u00fcrlich noch bei unserem grandiosen Publikum bedanken. \u00dcber die vielen positiven R\u00fcckmeldungen haben wir uns sehr gefreut!<\/p>\n\n\n\n<p>Wir w\u00fcnschen allen ein frohes Weihnachtsfest, besinnliche Feiertage und einen guten Start ins neue Jahr.<\/p>\n\n\n\n<figure class=\"wp-block-gallery has-nested-images columns-default is-cropped wp-block-gallery-1 is-layout-flex wp-block-gallery-is-layout-flex\">\n<figure class=\"wp-block-image size-large\"><a href=\"https:\/\/mv-gechingen.de\/wordpress_01\/wp-content\/uploads\/2022\/12\/konzert2022_00.jpg\"><img loading=\"lazy\" decoding=\"async\" width=\"1760\" height=\"993\" data-id=\"2516\" src=\"https:\/\/mv-gechingen.de\/wordpress_01\/wp-content\/uploads\/2022\/12\/konzert2022_00.jpg\" alt=\"\" class=\"wp-image-2516\" srcset=\"https:\/\/mv-gechingen.de\/wordpress_01\/wp-content\/uploads\/2022\/12\/konzert2022_00.jpg 1760w, https:\/\/mv-gechingen.de\/wordpress_01\/wp-content\/uploads\/2022\/12\/konzert2022_00-300x169.jpg 300w, https:\/\/mv-gechingen.de\/wordpress_01\/wp-content\/uploads\/2022\/12\/konzert2022_00-1024x578.jpg 1024w, https:\/\/mv-gechingen.de\/wordpress_01\/wp-content\/uploads\/2022\/12\/konzert2022_00-768x433.jpg 768w, https:\/\/mv-gechingen.de\/wordpress_01\/wp-content\/uploads\/2022\/12\/konzert2022_00-1536x867.jpg 1536w, https:\/\/mv-gechingen.de\/wordpress_01\/wp-content\/uploads\/2022\/12\/konzert2022_00-500x282.jpg 500w\" sizes=\"(max-width: 1760px) 100vw, 1760px\" \/><\/a><\/figure>\n\n\n\n<figure class=\"wp-block-image size-large\"><a href=\"https:\/\/mv-gechingen.de\/wordpress_01\/wp-content\/uploads\/2022\/12\/konzert2022_02.jpg\"><img loading=\"lazy\" decoding=\"async\" width=\"2016\" height=\"1512\" data-id=\"2518\" src=\"https:\/\/mv-gechingen.de\/wordpress_01\/wp-content\/uploads\/2022\/12\/konzert2022_02.jpg\" alt=\"\" class=\"wp-image-2518\" srcset=\"https:\/\/mv-gechingen.de\/wordpress_01\/wp-content\/uploads\/2022\/12\/konzert2022_02.jpg 2016w, https:\/\/mv-gechingen.de\/wordpress_01\/wp-content\/uploads\/2022\/12\/konzert2022_02-300x225.jpg 300w, https:\/\/mv-gechingen.de\/wordpress_01\/wp-content\/uploads\/2022\/12\/konzert2022_02-1024x768.jpg 1024w, https:\/\/mv-gechingen.de\/wordpress_01\/wp-content\/uploads\/2022\/12\/konzert2022_02-768x576.jpg 768w, https:\/\/mv-gechingen.de\/wordpress_01\/wp-content\/uploads\/2022\/12\/konzert2022_02-1536x1152.jpg 1536w, https:\/\/mv-gechingen.de\/wordpress_01\/wp-content\/uploads\/2022\/12\/konzert2022_02-400x300.jpg 400w\" sizes=\"(max-width: 2016px) 100vw, 2016px\" \/><\/a><\/figure>\n\n\n\n<figure class=\"wp-block-image size-large\"><a href=\"https:\/\/mv-gechingen.de\/wordpress_01\/wp-content\/uploads\/2022\/12\/konzert2022_01.jpg\"><img loading=\"lazy\" decoding=\"async\" width=\"2016\" height=\"1512\" data-id=\"2513\" src=\"https:\/\/mv-gechingen.de\/wordpress_01\/wp-content\/uploads\/2022\/12\/konzert2022_01.jpg\" alt=\"\" class=\"wp-image-2513\" srcset=\"https:\/\/mv-gechingen.de\/wordpress_01\/wp-content\/uploads\/2022\/12\/konzert2022_01.jpg 2016w, https:\/\/mv-gechingen.de\/wordpress_01\/wp-content\/uploads\/2022\/12\/konzert2022_01-300x225.jpg 300w, https:\/\/mv-gechingen.de\/wordpress_01\/wp-content\/uploads\/2022\/12\/konzert2022_01-1024x768.jpg 1024w, https:\/\/mv-gechingen.de\/wordpress_01\/wp-content\/uploads\/2022\/12\/konzert2022_01-768x576.jpg 768w, https:\/\/mv-gechingen.de\/wordpress_01\/wp-content\/uploads\/2022\/12\/konzert2022_01-1536x1152.jpg 1536w, https:\/\/mv-gechingen.de\/wordpress_01\/wp-content\/uploads\/2022\/12\/konzert2022_01-400x300.jpg 400w\" sizes=\"(max-width: 2016px) 100vw, 2016px\" \/><\/a><\/figure>\n\n\n\n<figure class=\"wp-block-image size-large\"><a href=\"https:\/\/mv-gechingen.de\/wordpress_01\/wp-content\/uploads\/2022\/12\/konzert2022_03.jpg\"><img loading=\"lazy\" decoding=\"async\" width=\"2016\" height=\"1512\" data-id=\"2514\" src=\"https:\/\/mv-gechingen.de\/wordpress_01\/wp-content\/uploads\/2022\/12\/konzert2022_03.jpg\" alt=\"\" class=\"wp-image-2514\" srcset=\"https:\/\/mv-gechingen.de\/wordpress_01\/wp-content\/uploads\/2022\/12\/konzert2022_03.jpg 2016w, https:\/\/mv-gechingen.de\/wordpress_01\/wp-content\/uploads\/2022\/12\/konzert2022_03-300x225.jpg 300w, https:\/\/mv-gechingen.de\/wordpress_01\/wp-content\/uploads\/2022\/12\/konzert2022_03-1024x768.jpg 1024w, https:\/\/mv-gechingen.de\/wordpress_01\/wp-content\/uploads\/2022\/12\/konzert2022_03-768x576.jpg 768w, https:\/\/mv-gechingen.de\/wordpress_01\/wp-content\/uploads\/2022\/12\/konzert2022_03-1536x1152.jpg 1536w, https:\/\/mv-gechingen.de\/wordpress_01\/wp-content\/uploads\/2022\/12\/konzert2022_03-400x300.jpg 400w\" sizes=\"(max-width: 2016px) 100vw, 2016px\" \/><\/a><\/figure>\n\n\n\n<figure class=\"wp-block-image size-large\"><a href=\"https:\/\/mv-gechingen.de\/wordpress_01\/wp-content\/uploads\/2022\/12\/konzert2022_05.jpg\"><img loading=\"lazy\" decoding=\"async\" width=\"2016\" height=\"1512\" data-id=\"2517\" src=\"https:\/\/mv-gechingen.de\/wordpress_01\/wp-content\/uploads\/2022\/12\/konzert2022_05.jpg\" alt=\"\" class=\"wp-image-2517\" srcset=\"https:\/\/mv-gechingen.de\/wordpress_01\/wp-content\/uploads\/2022\/12\/konzert2022_05.jpg 2016w, https:\/\/mv-gechingen.de\/wordpress_01\/wp-content\/uploads\/2022\/12\/konzert2022_05-300x225.jpg 300w, https:\/\/mv-gechingen.de\/wordpress_01\/wp-content\/uploads\/2022\/12\/konzert2022_05-1024x768.jpg 1024w, https:\/\/mv-gechingen.de\/wordpress_01\/wp-content\/uploads\/2022\/12\/konzert2022_05-768x576.jpg 768w, https:\/\/mv-gechingen.de\/wordpress_01\/wp-content\/uploads\/2022\/12\/konzert2022_05-1536x1152.jpg 1536w, https:\/\/mv-gechingen.de\/wordpress_01\/wp-content\/uploads\/2022\/12\/konzert2022_05-400x300.jpg 400w\" sizes=\"(max-width: 2016px) 100vw, 2016px\" \/><\/a><\/figure>\n\n\n\n<figure class=\"wp-block-image size-large\"><a href=\"https:\/\/mv-gechingen.de\/wordpress_01\/wp-content\/uploads\/2022\/12\/konzert2022_04.jpg\"><img loading=\"lazy\" decoding=\"async\" width=\"2016\" height=\"1512\" data-id=\"2515\" src=\"https:\/\/mv-gechingen.de\/wordpress_01\/wp-content\/uploads\/2022\/12\/konzert2022_04.jpg\" alt=\"\" class=\"wp-image-2515\" srcset=\"https:\/\/mv-gechingen.de\/wordpress_01\/wp-content\/uploads\/2022\/12\/konzert2022_04.jpg 2016w, https:\/\/mv-gechingen.de\/wordpress_01\/wp-content\/uploads\/2022\/12\/konzert2022_04-300x225.jpg 300w, https:\/\/mv-gechingen.de\/wordpress_01\/wp-content\/uploads\/2022\/12\/konzert2022_04-1024x768.jpg 1024w, https:\/\/mv-gechingen.de\/wordpress_01\/wp-content\/uploads\/2022\/12\/konzert2022_04-768x576.jpg 768w, https:\/\/mv-gechingen.de\/wordpress_01\/wp-content\/uploads\/2022\/12\/konzert2022_04-1536x1152.jpg 1536w, https:\/\/mv-gechingen.de\/wordpress_01\/wp-content\/uploads\/2022\/12\/konzert2022_04-400x300.jpg 400w\" sizes=\"(max-width: 2016px) 100vw, 2016px\" \/><\/a><\/figure>\n<\/figure>\n","protected":false},"excerpt":{"rendered":"<p>Eine gut gef\u00fcllte Gechinger Gemeindehalle, ein begeistertes Publikum und gl\u00fcckliche Musikerinnen und Musiker \u2013 unser Jahreskonzert am vergangenen Samstag war ein gro\u00dfer Erfolg. Den Anfang des Konzertprogramms gestalteten unsere Nachwuchsmusiker. Los ging es mit unserer Jugendgruppe, geleitet von Stefan Schneider. &hellip; <a href=\"https:\/\/mv-gechingen.de\/?p=2511\">Weiterlesen <span class=\"meta-nav\">&rarr;<\/span><\/a><\/p>\n","protected":false},"author":1,"featured_media":2520,"comment_status":"closed","ping_status":"closed","sticky":false,"template":"","format":"standard","meta":{"footnotes":""},"categories":[1],"tags":[],"_links":{"self":[{"href":"https:\/\/mv-gechingen.de\/index.php?rest_route=\/wp\/v2\/posts\/2511"}],"collection":[{"href":"https:\/\/mv-gechingen.de\/index.php?rest_route=\/wp\/v2\/posts"}],"about":[{"href":"https:\/\/mv-gechingen.de\/index.php?rest_route=\/wp\/v2\/types\/post"}],"author":[{"embeddable":true,"href":"https:\/\/mv-gechingen.de\/index.php?rest_route=\/wp\/v2\/users\/1"}],"replies":[{"embeddable":true,"href":"https:\/\/mv-gechingen.de\/index.php?rest_route=%2Fwp%2Fv2%2Fcomments&post=2511"}],"version-history":[{"count":6,"href":"https:\/\/mv-gechingen.de\/index.php?rest_route=\/wp\/v2\/posts\/2511\/revisions"}],"predecessor-version":[{"id":2526,"href":"https:\/\/mv-gechingen.de\/index.php?rest_route=\/wp\/v2\/posts\/2511\/revisions\/2526"}],"wp:featuredmedia":[{"embeddable":true,"href":"https:\/\/mv-gechingen.de\/index.php?rest_route=\/wp\/v2\/media\/2520"}],"wp:attachment":[{"href":"https:\/\/mv-gechingen.de\/index.php?rest_route=%2Fwp%2Fv2%2Fmedia&parent=2511"}],"wp:term":[{"taxonomy":"category","embeddable":true,"href":"https:\/\/mv-gechingen.de\/index.php?rest_route=%2Fwp%2Fv2%2Fcategories&post=2511"},{"taxonomy":"post_tag","embeddable":true,"href":"https:\/\/mv-gechingen.de\/index.php?rest_route=%2Fwp%2Fv2%2Ftags&post=2511"}],"curies":[{"name":"wp","href":"https:\/\/api.w.org\/{rel}","templated":true}]}}