{"id":2538,"date":"2023-03-05T21:20:57","date_gmt":"2023-03-05T20:20:57","guid":{"rendered":"https:\/\/mv-gechingen.de\/?p=2538"},"modified":"2023-03-16T10:11:42","modified_gmt":"2023-03-16T09:11:42","slug":"modern-music-show-2023-am-12-13-mai","status":"publish","type":"post","link":"https:\/\/mv-gechingen.de\/?p=2538","title":{"rendered":"Modern Music Show 2023 am 12.\/13. Mai"},"content":{"rendered":"\n<p>Unsere legend\u00e4re Modern Music Show findet endlich wieder statt! <strong>Am Freitag, 12. Mai und Samstag, 13. Ma<\/strong>i erwartet Sie in der Gemeindehalle Gechingen ein musikalisches Feuerwerk mit beeindruckenden Gesangseinlagen und tollen B\u00fchnenbildern.<\/p>\n\n\n\n<p>In diesem Jahr ist \u00fcbrigens ein besonderes Jahr\u2026 Die erste Modern Music Show wurde im Jahr 1993 veranstaltet, dieses Jahr wird die Show demnach 30 Jahre alt. Tragen Sie sich die beiden o.g. Termine bereits heute in Ihrem Kalender ein. Wir freuen uns auf Sie!<\/p>\n\n\n\n<p><strong>Am Samstag, 1. April von 10 bis 12 Uhr findet bei der Musikertenne in Gechingen (beim Parkplatz der Gemeindehalle) ein \u00f6ffentlicher Vorverkauf statt.<\/strong> Pro Person k\u00f6nnen bis zu vier Karten erworben werden. Karten gibt es au\u00dferdem bei allen aktiven Musikerinnen und Musikern. Wichtig: Nur solange der Vorrat reicht! Der Kartenpreis liegt bei 17,- \u20ac pro Karte. Kinder und Jugendliche bis einschlie\u00dflich 16 Jahre erhalten erm\u00e4\u00dfigten Eintritt von 14,- \u20ac.<\/p>\n\n\n\n<p>Wenn Sie sich bereits heute auf die anstehende Modern Music Show einstimmen und die Wartezeit bis dahin verk\u00fcrzen m\u00f6chten d\u00fcrfen Sie gerne unseren <a href=\"https:\/\/www.youtube.com\/@musikvereingechingene.v.7631\" target=\"_blank\" rel=\"noreferrer noopener\">YouTube-Kanal<\/a> besuchen. Hier finden Sie viele mitrei\u00dfende Videos der letzten Jahre. Wie w\u00e4re es zum Beispiel mit<br><a href=\"https:\/\/www.youtube.com\/watch?v=8GhxBNCaOzc\" target=\"_blank\" rel=\"noreferrer noopener\">\u201ePurple Rain\u201c von Prince aus der Modern Music Show 2016<\/a>?<\/p>\n\n\n\n<figure class=\"wp-block-image size-large\"><a href=\"https:\/\/mv-gechingen.de\/wordpress_01\/wp-content\/uploads\/2023\/03\/MMS_2023_Plakat_A4_WEB-scaled.jpg\"><img loading=\"lazy\" decoding=\"async\" width=\"726\" height=\"1024\" src=\"https:\/\/mv-gechingen.de\/wordpress_01\/wp-content\/uploads\/2023\/03\/MMS_2023_Plakat_A4_WEB-726x1024.jpg\" alt=\"\" class=\"wp-image-2539\" srcset=\"https:\/\/mv-gechingen.de\/wordpress_01\/wp-content\/uploads\/2023\/03\/MMS_2023_Plakat_A4_WEB-726x1024.jpg 726w, https:\/\/mv-gechingen.de\/wordpress_01\/wp-content\/uploads\/2023\/03\/MMS_2023_Plakat_A4_WEB-213x300.jpg 213w, https:\/\/mv-gechingen.de\/wordpress_01\/wp-content\/uploads\/2023\/03\/MMS_2023_Plakat_A4_WEB-768x1083.jpg 768w, https:\/\/mv-gechingen.de\/wordpress_01\/wp-content\/uploads\/2023\/03\/MMS_2023_Plakat_A4_WEB-1089x1536.jpg 1089w, https:\/\/mv-gechingen.de\/wordpress_01\/wp-content\/uploads\/2023\/03\/MMS_2023_Plakat_A4_WEB-1453x2048.jpg 1453w, https:\/\/mv-gechingen.de\/wordpress_01\/wp-content\/uploads\/2023\/03\/MMS_2023_Plakat_A4_WEB-scaled.jpg 1816w\" sizes=\"(max-width: 726px) 100vw, 726px\" \/><\/a><\/figure>\n","protected":false},"excerpt":{"rendered":"<p>Unsere legend\u00e4re Modern Music Show findet endlich wieder statt! Am Freitag, 12. Mai und Samstag, 13. Mai erwartet Sie in der Gemeindehalle Gechingen ein musikalisches Feuerwerk mit beeindruckenden Gesangseinlagen und tollen B\u00fchnenbildern. In diesem Jahr ist \u00fcbrigens ein besonderes Jahr\u2026 &hellip; <a href=\"https:\/\/mv-gechingen.de\/?p=2538\">Weiterlesen <span class=\"meta-nav\">&rarr;<\/span><\/a><\/p>\n","protected":false},"author":1,"featured_media":2536,"comment_status":"closed","ping_status":"closed","sticky":false,"template":"","format":"standard","meta":{"footnotes":""},"categories":[1],"tags":[],"_links":{"self":[{"href":"https:\/\/mv-gechingen.de\/index.php?rest_route=\/wp\/v2\/posts\/2538"}],"collection":[{"href":"https:\/\/mv-gechingen.de\/index.php?rest_route=\/wp\/v2\/posts"}],"about":[{"href":"https:\/\/mv-gechingen.de\/index.php?rest_route=\/wp\/v2\/types\/post"}],"author":[{"embeddable":true,"href":"https:\/\/mv-gechingen.de\/index.php?rest_route=\/wp\/v2\/users\/1"}],"replies":[{"embeddable":true,"href":"https:\/\/mv-gechingen.de\/index.php?rest_route=%2Fwp%2Fv2%2Fcomments&post=2538"}],"version-history":[{"count":3,"href":"https:\/\/mv-gechingen.de\/index.php?rest_route=\/wp\/v2\/posts\/2538\/revisions"}],"predecessor-version":[{"id":2546,"href":"https:\/\/mv-gechingen.de\/index.php?rest_route=\/wp\/v2\/posts\/2538\/revisions\/2546"}],"wp:featuredmedia":[{"embeddable":true,"href":"https:\/\/mv-gechingen.de\/index.php?rest_route=\/wp\/v2\/media\/2536"}],"wp:attachment":[{"href":"https:\/\/mv-gechingen.de\/index.php?rest_route=%2Fwp%2Fv2%2Fmedia&parent=2538"}],"wp:term":[{"taxonomy":"category","embeddable":true,"href":"https:\/\/mv-gechingen.de\/index.php?rest_route=%2Fwp%2Fv2%2Fcategories&post=2538"},{"taxonomy":"post_tag","embeddable":true,"href":"https:\/\/mv-gechingen.de\/index.php?rest_route=%2Fwp%2Fv2%2Ftags&post=2538"}],"curies":[{"name":"wp","href":"https:\/\/api.w.org\/{rel}","templated":true}]}}