{"id":2548,"date":"2023-07-04T10:03:21","date_gmt":"2023-07-04T08:03:21","guid":{"rendered":"https:\/\/mv-gechingen.de\/?p=2548"},"modified":"2023-07-04T10:08:34","modified_gmt":"2023-07-04T08:08:34","slug":"rueckblick-modern-music-show-2023","status":"publish","type":"post","link":"https:\/\/mv-gechingen.de\/?p=2548","title":{"rendered":"R\u00fcckblick &#8211; Modern Music Show 2023"},"content":{"rendered":"\n<p>Tobender Applaus und ein begeistertes Publikum &#8211; die MODERN MUSIC<br>SHOW am 12. und 13. Mai in der Gemeindehalle Gechingen war ein<br>gro\u00dfer Erfolg. Unter der Leitung von Dirigent Stefan Schneider<br>pr\u00e4sentierte der Musikverein Gechingen zahlreiche Hits aus modernen<br>Musikgenres wie Rock und Pop sowie Melodien aus Musicals und Filmen.<br>Rund 850 Leute sahen und h\u00f6rten an zwei Abenden die spektakul\u00e4re<br>Show.<\/p>\n\n\n\n<figure class=\"wp-block-image size-large\"><a href=\"https:\/\/mv-gechingen.de\/wordpress_01\/wp-content\/uploads\/2023\/07\/mms_orchester-scaled.jpg\"><img loading=\"lazy\" decoding=\"async\" width=\"1024\" height=\"683\" src=\"https:\/\/mv-gechingen.de\/wordpress_01\/wp-content\/uploads\/2023\/07\/mms_orchester-1024x683.jpg\" alt=\"\" class=\"wp-image-2554\" srcset=\"https:\/\/mv-gechingen.de\/wordpress_01\/wp-content\/uploads\/2023\/07\/mms_orchester-1024x683.jpg 1024w, https:\/\/mv-gechingen.de\/wordpress_01\/wp-content\/uploads\/2023\/07\/mms_orchester-300x200.jpg 300w, https:\/\/mv-gechingen.de\/wordpress_01\/wp-content\/uploads\/2023\/07\/mms_orchester-768x512.jpg 768w, https:\/\/mv-gechingen.de\/wordpress_01\/wp-content\/uploads\/2023\/07\/mms_orchester-1536x1024.jpg 1536w, https:\/\/mv-gechingen.de\/wordpress_01\/wp-content\/uploads\/2023\/07\/mms_orchester-2048x1365.jpg 2048w, https:\/\/mv-gechingen.de\/wordpress_01\/wp-content\/uploads\/2023\/07\/mms_orchester-450x300.jpg 450w\" sizes=\"(max-width: 1024px) 100vw, 1024px\" \/><\/a><figcaption>Lange haben wir darauf hingefiebert, endlich wieder unsere Modern Music Show pr\u00e4sentieren zu k\u00f6nnen (Foto: <a rel=\"noreferrer noopener\" href=\"https:\/\/lightworkart.de\/\" target=\"_blank\">Manuel Kamuf<\/a>)<\/figcaption><\/figure>\n\n\n\n<p>Mit \u201eZusammen\u201c von den Fantastischen Vier und Clueso begann der<br>Show-Abend mit den 55 Gechinger Musikerinnen und Musiker unter der<br>Leitung von Stefan Schneider. Einige unserer Musiker wurden dabei zu<br>souver\u00e4nen Rappern auf der B\u00fchne. Am Gesang gl\u00e4nzten Julia D\u00fcrr,<br>Stefan Eitel, Carlos Kluge und Simon Schwarzer, welcher auch an der<br>Gitarre immer wieder sein K\u00f6nnen bewies.<\/p>\n\n\n\n<figure class=\"wp-block-image size-large\"><a href=\"https:\/\/mv-gechingen.de\/wordpress_01\/wp-content\/uploads\/2023\/07\/mms_saenger-scaled.jpg\"><img loading=\"lazy\" decoding=\"async\" width=\"683\" height=\"1024\" src=\"https:\/\/mv-gechingen.de\/wordpress_01\/wp-content\/uploads\/2023\/07\/mms_saenger-683x1024.jpg\" alt=\"\" class=\"wp-image-2550\" srcset=\"https:\/\/mv-gechingen.de\/wordpress_01\/wp-content\/uploads\/2023\/07\/mms_saenger-683x1024.jpg 683w, https:\/\/mv-gechingen.de\/wordpress_01\/wp-content\/uploads\/2023\/07\/mms_saenger-200x300.jpg 200w, https:\/\/mv-gechingen.de\/wordpress_01\/wp-content\/uploads\/2023\/07\/mms_saenger-768x1152.jpg 768w, https:\/\/mv-gechingen.de\/wordpress_01\/wp-content\/uploads\/2023\/07\/mms_saenger-1024x1536.jpg 1024w, https:\/\/mv-gechingen.de\/wordpress_01\/wp-content\/uploads\/2023\/07\/mms_saenger-1365x2048.jpg 1365w, https:\/\/mv-gechingen.de\/wordpress_01\/wp-content\/uploads\/2023\/07\/mms_saenger-scaled.jpg 1707w\" sizes=\"(max-width: 683px) 100vw, 683px\" \/><\/a><figcaption>am Gesang: Julia D\u00fcrr, Stefan Eitel und Carlos Kluge (Foto: <a rel=\"noreferrer noopener\" href=\"https:\/\/lightworkart.de\/\" target=\"_blank\">Manuel Kamuf<\/a>)<\/figcaption><\/figure>\n\n\n\n<p>Besonders erw\u00e4hnenswert war der Auftritt gemeinsam mit unseren<br>Jungmusikern aus der Jugendkapelle. Mit Bechern performten diese den<br>\u201eCup-Song\u201c und durften direkt die erste Zugabe des Abends zum Besten<br>geben. Herzlichen Dank an euch alle, ihr habt das richtig toll<br>gemacht!<\/p>\n\n\n\n<figure class=\"wp-block-image size-large\"><a href=\"https:\/\/mv-gechingen.de\/wordpress_01\/wp-content\/uploads\/2023\/07\/mms_jugend-scaled.jpg\"><img loading=\"lazy\" decoding=\"async\" width=\"1024\" height=\"683\" src=\"https:\/\/mv-gechingen.de\/wordpress_01\/wp-content\/uploads\/2023\/07\/mms_jugend-1024x683.jpg\" alt=\"\" class=\"wp-image-2549\" srcset=\"https:\/\/mv-gechingen.de\/wordpress_01\/wp-content\/uploads\/2023\/07\/mms_jugend-1024x683.jpg 1024w, https:\/\/mv-gechingen.de\/wordpress_01\/wp-content\/uploads\/2023\/07\/mms_jugend-300x200.jpg 300w, https:\/\/mv-gechingen.de\/wordpress_01\/wp-content\/uploads\/2023\/07\/mms_jugend-768x512.jpg 768w, https:\/\/mv-gechingen.de\/wordpress_01\/wp-content\/uploads\/2023\/07\/mms_jugend-1536x1024.jpg 1536w, https:\/\/mv-gechingen.de\/wordpress_01\/wp-content\/uploads\/2023\/07\/mms_jugend-2048x1365.jpg 2048w, https:\/\/mv-gechingen.de\/wordpress_01\/wp-content\/uploads\/2023\/07\/mms_jugend-450x300.jpg 450w\" sizes=\"(max-width: 1024px) 100vw, 1024px\" \/><\/a><figcaption>Die Jugendkapelle des MV Gechingen zeigt ihr rhythmisches Showtalent beim &#8222;Cup-Song&#8220; (Foto: <a rel=\"noreferrer noopener\" href=\"https:\/\/lightworkart.de\/\" target=\"_blank\">Manuel Kamuf<\/a>)<\/figcaption><\/figure>\n\n\n\n<p>Dieses Jahr stand alles unter dem Motto \u201e30 Jahre Modern Music<br>Show\u201c. In einem Video-Einspieler kamen die damaligen Initiatoren zu<br>Wort, es waren auch Ausschnitte der ersten Show zu sehen. Blue Man-<br>Group, Gospelchor, Blues Brothers, T\u00e4nzerinnen \u2013 in den 30 Jahren<br>waren immer gro\u00dfartige Programmpunkte geboten. Im Eingangsbereich<br>der Halle erinnerten die fr\u00fcheren Requisiten an diesen<br>Ideenreichtum. Mit \u201eFinal Countdown\u201c folgte als Er\u00f6ffnungsst\u00fcck der<br>ersten Show aus dem Jahr 1993 der n\u00e4chste Kracher.<br>Dass wir nicht nur rockig, laut und stimmungsvoll, sondern auch<br>gef\u00fchlvoll und ruhig performen k\u00f6nnen, bewies eine Kleinbesetzung,<br>die \u201eHold my Hand\u201c von Lady Gaga, den Soundtrack des Actionfilms<br>\u201eTop Gun\u201c, zum Besten gab. Bevor es in die Pause ging wurde das<br>Publikum zum Mitmachen animiert und tanzte zu den Salsa-Rythmen von<br>Gloria Estefans \u201eConga\u201c.<\/p>\n\n\n\n<figure class=\"wp-block-image size-large\"><a href=\"https:\/\/mv-gechingen.de\/wordpress_01\/wp-content\/uploads\/2023\/07\/mms_tiere-scaled.jpg\"><img loading=\"lazy\" decoding=\"async\" width=\"1024\" height=\"683\" src=\"https:\/\/mv-gechingen.de\/wordpress_01\/wp-content\/uploads\/2023\/07\/mms_tiere-1024x683.jpg\" alt=\"\" class=\"wp-image-2553\" srcset=\"https:\/\/mv-gechingen.de\/wordpress_01\/wp-content\/uploads\/2023\/07\/mms_tiere-1024x683.jpg 1024w, https:\/\/mv-gechingen.de\/wordpress_01\/wp-content\/uploads\/2023\/07\/mms_tiere-300x200.jpg 300w, https:\/\/mv-gechingen.de\/wordpress_01\/wp-content\/uploads\/2023\/07\/mms_tiere-768x512.jpg 768w, https:\/\/mv-gechingen.de\/wordpress_01\/wp-content\/uploads\/2023\/07\/mms_tiere-1536x1024.jpg 1536w, https:\/\/mv-gechingen.de\/wordpress_01\/wp-content\/uploads\/2023\/07\/mms_tiere-2048x1365.jpg 2048w, https:\/\/mv-gechingen.de\/wordpress_01\/wp-content\/uploads\/2023\/07\/mms_tiere-450x300.jpg 450w\" sizes=\"(max-width: 1024px) 100vw, 1024px\" \/><\/a><figcaption>Die Savanne Afrikas erwacht bei &#8222;Circle of Life&#8220; in der Gechinger Gemeindehalle zum Leben (Foto: <a rel=\"noreferrer noopener\" href=\"https:\/\/lightworkart.de\/\" target=\"_blank\">Manuel Kamuf<\/a>)<\/figcaption><\/figure>\n\n\n\n<p>Der \u201eCircle of Life\u201c aus K\u00f6nig der L\u00f6wen war ein H\u00f6hepunkt des<br>Abends. Mit eigens gebastelten Tierkost\u00fcmen liefen einige Musiker in<br>Anlehnung an das Hamburger Musical durch die Halle.<br>Im Anschluss wurde dann so richtig eingeheizt, unter anderem mit<br>\u201eAbenteuerland\u201c von Pur, dem Rockklassiker \u201eHey Joe\u201c von Jimi<br>Hendrix und einem Wolfgang Petry Medley. <\/p>\n\n\n\n<figure class=\"wp-block-image size-large\"><a href=\"https:\/\/mv-gechingen.de\/wordpress_01\/wp-content\/uploads\/2023\/07\/mms_simon-scaled.jpg\"><img loading=\"lazy\" decoding=\"async\" width=\"683\" height=\"1024\" src=\"https:\/\/mv-gechingen.de\/wordpress_01\/wp-content\/uploads\/2023\/07\/mms_simon-683x1024.jpg\" alt=\"\" class=\"wp-image-2551\" srcset=\"https:\/\/mv-gechingen.de\/wordpress_01\/wp-content\/uploads\/2023\/07\/mms_simon-683x1024.jpg 683w, https:\/\/mv-gechingen.de\/wordpress_01\/wp-content\/uploads\/2023\/07\/mms_simon-200x300.jpg 200w, https:\/\/mv-gechingen.de\/wordpress_01\/wp-content\/uploads\/2023\/07\/mms_simon-768x1152.jpg 768w, https:\/\/mv-gechingen.de\/wordpress_01\/wp-content\/uploads\/2023\/07\/mms_simon-1024x1536.jpg 1024w, https:\/\/mv-gechingen.de\/wordpress_01\/wp-content\/uploads\/2023\/07\/mms_simon-1365x2048.jpg 1365w, https:\/\/mv-gechingen.de\/wordpress_01\/wp-content\/uploads\/2023\/07\/mms_simon-scaled.jpg 1707w\" sizes=\"(max-width: 683px) 100vw, 683px\" \/><\/a><figcaption>Simon Schwarzer an der E-Gitarre (Foto: <a rel=\"noreferrer noopener\" href=\"https:\/\/lightworkart.de\/\" target=\"_blank\">Manuel Kamuf<\/a>)<\/figcaption><\/figure>\n\n\n\n<p>Sp\u00e4testens zu diesem Zeitpunkt konnte sich keiner mehr auf den St\u00fchlen halten. Das ganze<br>Publikum stand, tanzte und klatschte. Unter tobendem Applaus und<br>Standing Ovations wurden noch drei weitere Zugaben gespielt. Das<br>Publikum sang lauthals mit, insbesondere beim endg\u00fcltigen Abschluss<br>der Show mit \u201eHey Jude\u201c von den Beatles.<\/p>\n\n\n\n<figure class=\"wp-block-image size-large\"><a href=\"https:\/\/mv-gechingen.de\/wordpress_01\/wp-content\/uploads\/2023\/07\/mms_publikum-scaled.jpg\"><img loading=\"lazy\" decoding=\"async\" width=\"683\" height=\"1024\" src=\"https:\/\/mv-gechingen.de\/wordpress_01\/wp-content\/uploads\/2023\/07\/mms_publikum-683x1024.jpg\" alt=\"\" class=\"wp-image-2552\" srcset=\"https:\/\/mv-gechingen.de\/wordpress_01\/wp-content\/uploads\/2023\/07\/mms_publikum-683x1024.jpg 683w, https:\/\/mv-gechingen.de\/wordpress_01\/wp-content\/uploads\/2023\/07\/mms_publikum-200x300.jpg 200w, https:\/\/mv-gechingen.de\/wordpress_01\/wp-content\/uploads\/2023\/07\/mms_publikum-768x1152.jpg 768w, https:\/\/mv-gechingen.de\/wordpress_01\/wp-content\/uploads\/2023\/07\/mms_publikum-1024x1536.jpg 1024w, https:\/\/mv-gechingen.de\/wordpress_01\/wp-content\/uploads\/2023\/07\/mms_publikum-1365x2048.jpg 1365w, https:\/\/mv-gechingen.de\/wordpress_01\/wp-content\/uploads\/2023\/07\/mms_publikum-scaled.jpg 1707w\" sizes=\"(max-width: 683px) 100vw, 683px\" \/><\/a><figcaption>Vielen Dank an unser tolles Publikum (Foto: <a rel=\"noreferrer noopener\" href=\"https:\/\/lightworkart.de\/\" target=\"_blank\">Manuel Kamuf<\/a>)<\/figcaption><\/figure>\n\n\n\n<p>Wir bedanken uns bei dem wunderbaren Publikum und bei allen<br>Beteiligten, Helferinnen und Helfern, die uns diese zwei<br>unglaublichen Abende m\u00f6glich gemacht haben!<\/p>\n\n\n\n<figure class=\"wp-block-image size-large\"><a href=\"https:\/\/mv-gechingen.de\/wordpress_01\/wp-content\/uploads\/2023\/07\/mms_technik-scaled.jpg\"><img loading=\"lazy\" decoding=\"async\" width=\"1024\" height=\"683\" src=\"https:\/\/mv-gechingen.de\/wordpress_01\/wp-content\/uploads\/2023\/07\/mms_technik-1024x683.jpg\" alt=\"\" class=\"wp-image-2555\" srcset=\"https:\/\/mv-gechingen.de\/wordpress_01\/wp-content\/uploads\/2023\/07\/mms_technik-1024x683.jpg 1024w, https:\/\/mv-gechingen.de\/wordpress_01\/wp-content\/uploads\/2023\/07\/mms_technik-300x200.jpg 300w, https:\/\/mv-gechingen.de\/wordpress_01\/wp-content\/uploads\/2023\/07\/mms_technik-768x512.jpg 768w, https:\/\/mv-gechingen.de\/wordpress_01\/wp-content\/uploads\/2023\/07\/mms_technik-1536x1024.jpg 1536w, https:\/\/mv-gechingen.de\/wordpress_01\/wp-content\/uploads\/2023\/07\/mms_technik-2048x1365.jpg 2048w, https:\/\/mv-gechingen.de\/wordpress_01\/wp-content\/uploads\/2023\/07\/mms_technik-450x300.jpg 450w\" sizes=\"(max-width: 1024px) 100vw, 1024px\" \/><\/a><figcaption>F\u00fcr professionelle Ton- und Lichttechnik ist gesorgt (Foto: <a rel=\"noreferrer noopener\" href=\"https:\/\/lightworkart.de\/\" target=\"_blank\">Manuel Kamuf<\/a>)<\/figcaption><\/figure>\n\n\n\n<p><\/p>\n","protected":false},"excerpt":{"rendered":"<p>Tobender Applaus und ein begeistertes Publikum &#8211; die MODERN MUSICSHOW am 12. und 13. Mai in der Gemeindehalle Gechingen war eingro\u00dfer Erfolg. Unter der Leitung von Dirigent Stefan Schneiderpr\u00e4sentierte der Musikverein Gechingen zahlreiche Hits aus modernenMusikgenres wie Rock und Pop &hellip; <a href=\"https:\/\/mv-gechingen.de\/?p=2548\">Weiterlesen <span class=\"meta-nav\">&rarr;<\/span><\/a><\/p>\n","protected":false},"author":1,"featured_media":2536,"comment_status":"closed","ping_status":"closed","sticky":false,"template":"","format":"standard","meta":{"footnotes":""},"categories":[1],"tags":[],"_links":{"self":[{"href":"https:\/\/mv-gechingen.de\/index.php?rest_route=\/wp\/v2\/posts\/2548"}],"collection":[{"href":"https:\/\/mv-gechingen.de\/index.php?rest_route=\/wp\/v2\/posts"}],"about":[{"href":"https:\/\/mv-gechingen.de\/index.php?rest_route=\/wp\/v2\/types\/post"}],"author":[{"embeddable":true,"href":"https:\/\/mv-gechingen.de\/index.php?rest_route=\/wp\/v2\/users\/1"}],"replies":[{"embeddable":true,"href":"https:\/\/mv-gechingen.de\/index.php?rest_route=%2Fwp%2Fv2%2Fcomments&post=2548"}],"version-history":[{"count":3,"href":"https:\/\/mv-gechingen.de\/index.php?rest_route=\/wp\/v2\/posts\/2548\/revisions"}],"predecessor-version":[{"id":2558,"href":"https:\/\/mv-gechingen.de\/index.php?rest_route=\/wp\/v2\/posts\/2548\/revisions\/2558"}],"wp:featuredmedia":[{"embeddable":true,"href":"https:\/\/mv-gechingen.de\/index.php?rest_route=\/wp\/v2\/media\/2536"}],"wp:attachment":[{"href":"https:\/\/mv-gechingen.de\/index.php?rest_route=%2Fwp%2Fv2%2Fmedia&parent=2548"}],"wp:term":[{"taxonomy":"category","embeddable":true,"href":"https:\/\/mv-gechingen.de\/index.php?rest_route=%2Fwp%2Fv2%2Fcategories&post=2548"},{"taxonomy":"post_tag","embeddable":true,"href":"https:\/\/mv-gechingen.de\/index.php?rest_route=%2Fwp%2Fv2%2Ftags&post=2548"}],"curies":[{"name":"wp","href":"https:\/\/api.w.org\/{rel}","templated":true}]}}