{"id":2559,"date":"2023-07-04T10:13:44","date_gmt":"2023-07-04T08:13:44","guid":{"rendered":"https:\/\/mv-gechingen.de\/?p=2559"},"modified":"2023-07-04T10:14:24","modified_gmt":"2023-07-04T08:14:24","slug":"rueckblick-zu-unserer-konzertreise-in-dieschweiz","status":"publish","type":"post","link":"https:\/\/mv-gechingen.de\/?p=2559","title":{"rendered":"R\u00fcckblick zu unserer Konzertreise in die Schweiz"},"content":{"rendered":"\n<p>Vergangenes Wochenende stand unsere Konzertreise in die Schweiz an.<br>Unsere langj\u00e4hrigen Freunde der Musikgesellschaft Kerzers feierten<br>von Donnerstag bis Samstag ihr stolzes 100-j\u00e4hriges Vereinsjubil\u00e4um.<br>Zu diesem feierlichen Anlass wurden wir herzlich eingeladen.<br>Unser Bus fuhr am Freitag, den 30. Juni um 9 Uhr an der Musikertenne<br>Gechingen ab. Nach unserer traditionellen Fr\u00fchst\u00fcckspause dauerte<br>die Fahrt dann nicht mehr allzu lang und wir kamen gegen Nachmittag<br>in Kerzers an. Wir luden unser Gep\u00e4ck und unsere Instrumente aus und<br>bezogen unsere Schlafpl\u00e4tze. Etwa die H\u00e4lfte unserer Musikerinnen<br>und Musiker kam in Privatunterk\u00fcnften der MG Kerzers unter, die<br>andere H\u00e4lfte schlief im Massenbettlager der ortseigenen<br>Zivilschutzanlage. Gro\u00dfer Vorteil waren hier sicherlich die kurzen<br>Wege, denn das Massenbettlager befindet sich direkt unter der<br>Sportanlage Schmitteng\u00e4ssli, wo auch das Jubil\u00e4umsfest stattgefunden<br>hat. Abends lie\u00dfen wir uns Nudeln mit Bolognese- und Tomatenso\u00dfe<br>schmecken. Im Anschluss hatten wir die Ehre, die Festbesucherinnen<br>und \u2013besucher f\u00fcr etwa zwei Stunden musikalisch zu unterhalten. In<br>einem bunten Mix aus volkst\u00fcmlicher und moderner Musik ernteten wir<br>gro\u00dfen Applaus. Die Schweizer hatten sichtlich Spa\u00df und tanzten eine<br>lange Polonaise durch die Halle.<br>Unser Samstag startete um 9 Uhr mit einem gemeinsamen Fr\u00fchst\u00fcck in<br>der Sporthalle. Um 10.30 Uhr fuhren wir nur wenige Kilometer mit dem<br>Bus in die Schweizer Hauptstadt Bern. Hier verbrachten wir in<br>Kleingruppen ein paar sch\u00f6ne Stunden beim Flanieren in der Altstadt,<br>beim Beobachten von B\u00e4ren im B\u00e4rengraben, beim Abk\u00fchlen an der Aare<br>oder beim Mittagessen im Biergarten. Gegen Nachmittag kamen wir<br>wieder zur\u00fcck nach Kerzers. Auf dem Festgel\u00e4nde war f\u00fcr musikalische<br>Unterhaltung und leckeres Essen gesorgt. Gegen 20 Uhr startete der<br>Festakt zum Vereinsjubil\u00e4um. Die MG Kerzers hatte ein Konzert in<br>Form einer Zeitreise durch die vergangenen 100 Vereinsjahre<br>vorbereitet. Neben lustigen Sketchen und Gedichten h\u00f6rten wir viele<br>Musikst\u00fccke, die die MG Kerzers \u00fcber die letzten Jahre gepr\u00e4gt<br>haben.<br>Am Sonntagmorgen folgte der gro\u00dfe Abschied von unseren<br>Musikfreunden. Das Wochenende ist leider viel zu schnell vergangen.<br>Nach einem gemeinsamen Gruppenbild, letzten Gespr\u00e4chen,<br>Verabschiedungen und Umarmungen fuhr unser Bus los in Richtung<br>Heimat, wo wir um 14.30 Uhr wieder alle gesund und munter an der<br>Musikertenne in Gechingen angekommen sind.<br>Wir bedanken uns an dieser Stelle bei unseren Musikfreunden der MG<br>Kerzers f\u00fcr die herzliche Gastfreundschaft. Wir wurden \u00fcber die drei<br>Tage bestens umsorgt und aufgenommen und hatten sehr viel Spa\u00df<br>zusammen. Wir sind stolz auf unsere langj\u00e4hrige Freundschaft und<br>freuen uns schon heute auf das n\u00e4chste Wiedersehen.<\/p>\n\n\n\n<figure class=\"wp-block-image size-large\"><a href=\"https:\/\/mv-gechingen.de\/wordpress_01\/wp-content\/uploads\/2023\/07\/kerzers_gruppenbild-scaled.jpg\"><img loading=\"lazy\" decoding=\"async\" width=\"1024\" height=\"768\" src=\"https:\/\/mv-gechingen.de\/wordpress_01\/wp-content\/uploads\/2023\/07\/kerzers_gruppenbild-1024x768.jpg\" alt=\"\" class=\"wp-image-2560\" srcset=\"https:\/\/mv-gechingen.de\/wordpress_01\/wp-content\/uploads\/2023\/07\/kerzers_gruppenbild-1024x768.jpg 1024w, https:\/\/mv-gechingen.de\/wordpress_01\/wp-content\/uploads\/2023\/07\/kerzers_gruppenbild-300x225.jpg 300w, https:\/\/mv-gechingen.de\/wordpress_01\/wp-content\/uploads\/2023\/07\/kerzers_gruppenbild-768x576.jpg 768w, https:\/\/mv-gechingen.de\/wordpress_01\/wp-content\/uploads\/2023\/07\/kerzers_gruppenbild-1536x1152.jpg 1536w, https:\/\/mv-gechingen.de\/wordpress_01\/wp-content\/uploads\/2023\/07\/kerzers_gruppenbild-2048x1536.jpg 2048w, https:\/\/mv-gechingen.de\/wordpress_01\/wp-content\/uploads\/2023\/07\/kerzers_gruppenbild-400x300.jpg 400w\" sizes=\"(max-width: 1024px) 100vw, 1024px\" \/><\/a><figcaption>Die Freude ist gro\u00df: Endlich wieder ein Besuch bei unseren Freunden der Musikgesellschaft Kerzers<\/figcaption><\/figure>\n\n\n\n<p><\/p>\n","protected":false},"excerpt":{"rendered":"<p>Vergangenes Wochenende stand unsere Konzertreise in die Schweiz an.Unsere langj\u00e4hrigen Freunde der Musikgesellschaft Kerzers feiertenvon Donnerstag bis Samstag ihr stolzes 100-j\u00e4hriges Vereinsjubil\u00e4um.Zu diesem feierlichen Anlass wurden wir herzlich eingeladen.Unser Bus fuhr am Freitag, den 30. Juni um 9 Uhr an &hellip; <a href=\"https:\/\/mv-gechingen.de\/?p=2559\">Weiterlesen <span class=\"meta-nav\">&rarr;<\/span><\/a><\/p>\n","protected":false},"author":1,"featured_media":2560,"comment_status":"closed","ping_status":"closed","sticky":false,"template":"","format":"standard","meta":{"footnotes":""},"categories":[1],"tags":[],"_links":{"self":[{"href":"https:\/\/mv-gechingen.de\/index.php?rest_route=\/wp\/v2\/posts\/2559"}],"collection":[{"href":"https:\/\/mv-gechingen.de\/index.php?rest_route=\/wp\/v2\/posts"}],"about":[{"href":"https:\/\/mv-gechingen.de\/index.php?rest_route=\/wp\/v2\/types\/post"}],"author":[{"embeddable":true,"href":"https:\/\/mv-gechingen.de\/index.php?rest_route=\/wp\/v2\/users\/1"}],"replies":[{"embeddable":true,"href":"https:\/\/mv-gechingen.de\/index.php?rest_route=%2Fwp%2Fv2%2Fcomments&post=2559"}],"version-history":[{"count":2,"href":"https:\/\/mv-gechingen.de\/index.php?rest_route=\/wp\/v2\/posts\/2559\/revisions"}],"predecessor-version":[{"id":2562,"href":"https:\/\/mv-gechingen.de\/index.php?rest_route=\/wp\/v2\/posts\/2559\/revisions\/2562"}],"wp:featuredmedia":[{"embeddable":true,"href":"https:\/\/mv-gechingen.de\/index.php?rest_route=\/wp\/v2\/media\/2560"}],"wp:attachment":[{"href":"https:\/\/mv-gechingen.de\/index.php?rest_route=%2Fwp%2Fv2%2Fmedia&parent=2559"}],"wp:term":[{"taxonomy":"category","embeddable":true,"href":"https:\/\/mv-gechingen.de\/index.php?rest_route=%2Fwp%2Fv2%2Fcategories&post=2559"},{"taxonomy":"post_tag","embeddable":true,"href":"https:\/\/mv-gechingen.de\/index.php?rest_route=%2Fwp%2Fv2%2Ftags&post=2559"}],"curies":[{"name":"wp","href":"https:\/\/api.w.org\/{rel}","templated":true}]}}