{"id":2563,"date":"2023-07-04T10:21:23","date_gmt":"2023-07-04T08:21:23","guid":{"rendered":"https:\/\/mv-gechingen.de\/?p=2563"},"modified":"2023-07-04T10:21:23","modified_gmt":"2023-07-04T08:21:23","slug":"gechinger-strassenfest","status":"publish","type":"post","link":"https:\/\/mv-gechingen.de\/?p=2563","title":{"rendered":"Gechinger Stra\u00dfenfest"},"content":{"rendered":"\n<p>Der Musikverein Gechingen l\u00e4dt Sie an diesem Wochenende am <strong>8. und 9. Juli<\/strong> in die Brunnenstra\u00dfe ein zum traditionellen Gechinger Stra\u00dfenfest. Es erwarten Sie vielerlei kulinarische K\u00f6stlichkeiten mit stimmungsvoller, unterhaltsamer Musik.<\/p>\n\n\n\n<figure class=\"wp-block-image size-full\"><a href=\"https:\/\/mv-gechingen.de\/wordpress_01\/wp-content\/uploads\/2023\/07\/archStrassenfest_Plakat_A3_2023_WEB.jpg\"><img loading=\"lazy\" decoding=\"async\" width=\"421\" height=\"595\" src=\"https:\/\/mv-gechingen.de\/wordpress_01\/wp-content\/uploads\/2023\/07\/archStrassenfest_Plakat_A3_2023_WEB.jpg\" alt=\"\" class=\"wp-image-2565\" srcset=\"https:\/\/mv-gechingen.de\/wordpress_01\/wp-content\/uploads\/2023\/07\/archStrassenfest_Plakat_A3_2023_WEB.jpg 421w, https:\/\/mv-gechingen.de\/wordpress_01\/wp-content\/uploads\/2023\/07\/archStrassenfest_Plakat_A3_2023_WEB-212x300.jpg 212w\" sizes=\"(max-width: 421px) 100vw, 421px\" \/><\/a><\/figure>\n\n\n\n<p>Am <strong>Samstag ab 12.00 Uhr<\/strong> bieten wir Ihnen frischen selbstgemachten Zwiebel- und Kartoffelkuchen zum kalt mitnehmen und selbst aufw\u00e4rmen an.<br>Tats\u00e4chlicher <strong>Beginn des Festbetriebs ist dann um 16.00 Uhr<\/strong>. Ab 17.00 Uhr werden Sie durch den Musikverein Deckenpfronn auf der B\u00fchne musikalisch unterhalten. Ab 19.00 Uhr sorgen unsere \u201eGolmer Buam\u201c f\u00fcr beste Festzeltstimmung, bevor ab 20.00 Uhr die \u201eOriginal<br>Schwippetaler\u201c aus Dagersmheim mit abwechslungsreicher Stimmungs- und Tanzmusik so richtig einheizen wird. Unsere Bar \u00f6ffnet zur gleichen Zeit.<br>Der <strong>Sonntag beginnt um 10.30 Uhr<\/strong> mit einem Gottesdienst im Freien und wird durch den Posaunenchor Gechingen musikalisch umrahmt. Um 11.30 Uhr d\u00fcrfen wir die Bl\u00e4serklasse Althengstett auf der B\u00fchne begr\u00fc\u00dfen. Um 12.00 Uhr \u00fcbernimmt dann unsere eigene Musikerjugend des Musikverein Gechingen. Ab 13.00 Uhr unterh\u00e4lt Sie der Musikverein Staufenberg und den musikalischen Abschluss bildet ab 15.00 Uhr der Musikverein Ergenzingen.<br>Der Musikverein Gechingen sorgt selbstverst\u00e4ndlich an beiden Tagen f\u00fcr Ihr leibliches Wohl. Neben Pommes Frites, Steak, Rote Wurst, Curry Wurst, Bauernsalat, Cr\u00eapes und Eis gibt es frischen selbstgemachten Zwiebel- und Kartoffelkuchen. Am Sonntag werden zum Mittagessen zus\u00e4tzlich Maultaschen mit Kartoffelsalat sowie Kaffee und Kuchen angeboten.<br>F\u00fcr unsere kleinen G\u00e4ste gibt es ein Spielmobil.<br>Der Musikverein Gechingen freut sich auf Ihren Besuch!<\/p>\n","protected":false},"excerpt":{"rendered":"<p>Der Musikverein Gechingen l\u00e4dt Sie an diesem Wochenende am 8. und 9. Juli in die Brunnenstra\u00dfe ein zum traditionellen Gechinger Stra\u00dfenfest. Es erwarten Sie vielerlei kulinarische K\u00f6stlichkeiten mit stimmungsvoller, unterhaltsamer Musik. Am Samstag ab 12.00 Uhr bieten wir Ihnen frischen &hellip; <a href=\"https:\/\/mv-gechingen.de\/?p=2563\">Weiterlesen <span class=\"meta-nav\">&rarr;<\/span><\/a><\/p>\n","protected":false},"author":1,"featured_media":2564,"comment_status":"closed","ping_status":"closed","sticky":false,"template":"","format":"standard","meta":{"footnotes":""},"categories":[1],"tags":[],"_links":{"self":[{"href":"https:\/\/mv-gechingen.de\/index.php?rest_route=\/wp\/v2\/posts\/2563"}],"collection":[{"href":"https:\/\/mv-gechingen.de\/index.php?rest_route=\/wp\/v2\/posts"}],"about":[{"href":"https:\/\/mv-gechingen.de\/index.php?rest_route=\/wp\/v2\/types\/post"}],"author":[{"embeddable":true,"href":"https:\/\/mv-gechingen.de\/index.php?rest_route=\/wp\/v2\/users\/1"}],"replies":[{"embeddable":true,"href":"https:\/\/mv-gechingen.de\/index.php?rest_route=%2Fwp%2Fv2%2Fcomments&post=2563"}],"version-history":[{"count":1,"href":"https:\/\/mv-gechingen.de\/index.php?rest_route=\/wp\/v2\/posts\/2563\/revisions"}],"predecessor-version":[{"id":2566,"href":"https:\/\/mv-gechingen.de\/index.php?rest_route=\/wp\/v2\/posts\/2563\/revisions\/2566"}],"wp:featuredmedia":[{"embeddable":true,"href":"https:\/\/mv-gechingen.de\/index.php?rest_route=\/wp\/v2\/media\/2564"}],"wp:attachment":[{"href":"https:\/\/mv-gechingen.de\/index.php?rest_route=%2Fwp%2Fv2%2Fmedia&parent=2563"}],"wp:term":[{"taxonomy":"category","embeddable":true,"href":"https:\/\/mv-gechingen.de\/index.php?rest_route=%2Fwp%2Fv2%2Fcategories&post=2563"},{"taxonomy":"post_tag","embeddable":true,"href":"https:\/\/mv-gechingen.de\/index.php?rest_route=%2Fwp%2Fv2%2Ftags&post=2563"}],"curies":[{"name":"wp","href":"https:\/\/api.w.org\/{rel}","templated":true}]}}