{"id":2581,"date":"2023-10-30T21:16:46","date_gmt":"2023-10-30T20:16:46","guid":{"rendered":"https:\/\/mv-gechingen.de\/?p=2581"},"modified":"2023-10-31T22:18:42","modified_gmt":"2023-10-31T21:18:42","slug":"konzert-2023-am-09-dezember","status":"publish","type":"post","link":"https:\/\/mv-gechingen.de\/?p=2581","title":{"rendered":"Konzert 2023 am 09. Dezember"},"content":{"rendered":"\n<p>Unser festliches Jahreskonzert findet am <strong>Samstagabend, den 9. Dezember<\/strong> in der Gechinger Gemeindehalle statt. Hierzu laden wir Sie herzlich ein.<\/p>\n\n\n\n<p><strong>Einlass<\/strong> ist um <strong>18:30 Uhr<\/strong> und <strong>Konzertbeginn<\/strong> um <strong>19:30 Uhr<\/strong>. Karten sind im Vorverkauf bei allen aktiven Musikerinnen und Musikern oder am Konzertabend an der Abendkasse zu erhalten (Kartenpreis 9,- \u20ac, Kinder und Jugendliche bis 14 Jahre erhalten kostenfreien Eintritt).Es erwartet Sie eine geschm\u00fcckte Gemeindehalle und leckere H\u00e4ppchen, die passend zu den Musikst\u00fccken angerichtet werden. Tauchen Sie in eine sinfonische Blasmusikwelt f\u00fcr alle Sinne ein. Unsere Musikerjugend wird wie gewohnt den Anfang unseres Konzertprogramms gestalten. Anschlie\u00dfend wird unser aktives Orchester den Platz auf der B\u00fchne einnehmen und Ihnen ein abwechslungsreiches Programm mit anspruchsvoller und ausdrucksstarker Blasmusik pr\u00e4sentieren. Seien Sie gespannt.<\/p>\n\n\n\n<p>Wir freuen uns auf Ihr Kommen!<\/p>\n\n\n\n<p>Schauen Sie doch auch auf unserer Facebook- und Instagram-Seite vorbei. Auf unserem YouTube-Kanal finden Sie au\u00dferdem viele musikalische Highlights vergangener Modern Music Shows. Ihr Musikverein Gechingen e.V.<\/p>\n\n\n\n<figure class=\"wp-block-image size-large\"><a href=\"https:\/\/mv-gechingen.de\/wordpress_01\/wp-content\/uploads\/2023\/10\/Konzert23_Plakat_A4_WEB-scaled.jpg\"><img loading=\"lazy\" decoding=\"async\" width=\"725\" height=\"1024\" src=\"https:\/\/mv-gechingen.de\/wordpress_01\/wp-content\/uploads\/2023\/10\/Konzert23_Plakat_A4_WEB-725x1024.jpg\" alt=\"\" class=\"wp-image-2582\" srcset=\"https:\/\/mv-gechingen.de\/wordpress_01\/wp-content\/uploads\/2023\/10\/Konzert23_Plakat_A4_WEB-725x1024.jpg 725w, https:\/\/mv-gechingen.de\/wordpress_01\/wp-content\/uploads\/2023\/10\/Konzert23_Plakat_A4_WEB-213x300.jpg 213w, https:\/\/mv-gechingen.de\/wordpress_01\/wp-content\/uploads\/2023\/10\/Konzert23_Plakat_A4_WEB-768x1084.jpg 768w, https:\/\/mv-gechingen.de\/wordpress_01\/wp-content\/uploads\/2023\/10\/Konzert23_Plakat_A4_WEB-1088x1536.jpg 1088w, https:\/\/mv-gechingen.de\/wordpress_01\/wp-content\/uploads\/2023\/10\/Konzert23_Plakat_A4_WEB-1451x2048.jpg 1451w, https:\/\/mv-gechingen.de\/wordpress_01\/wp-content\/uploads\/2023\/10\/Konzert23_Plakat_A4_WEB-scaled.jpg 1813w\" sizes=\"(max-width: 725px) 100vw, 725px\" \/><\/a><\/figure>\n","protected":false},"excerpt":{"rendered":"<p>Unser festliches Jahreskonzert findet am Samstagabend, den 9. Dezember in der Gechinger Gemeindehalle statt. Hierzu laden wir Sie herzlich ein. Einlass ist um 18:30 Uhr und Konzertbeginn um 19:30 Uhr. Karten sind im Vorverkauf bei allen aktiven Musikerinnen und Musikern &hellip; <a href=\"https:\/\/mv-gechingen.de\/?p=2581\">Weiterlesen <span class=\"meta-nav\">&rarr;<\/span><\/a><\/p>\n","protected":false},"author":1,"featured_media":2583,"comment_status":"closed","ping_status":"closed","sticky":false,"template":"","format":"standard","meta":{"footnotes":""},"categories":[1],"tags":[],"_links":{"self":[{"href":"https:\/\/mv-gechingen.de\/index.php?rest_route=\/wp\/v2\/posts\/2581"}],"collection":[{"href":"https:\/\/mv-gechingen.de\/index.php?rest_route=\/wp\/v2\/posts"}],"about":[{"href":"https:\/\/mv-gechingen.de\/index.php?rest_route=\/wp\/v2\/types\/post"}],"author":[{"embeddable":true,"href":"https:\/\/mv-gechingen.de\/index.php?rest_route=\/wp\/v2\/users\/1"}],"replies":[{"embeddable":true,"href":"https:\/\/mv-gechingen.de\/index.php?rest_route=%2Fwp%2Fv2%2Fcomments&post=2581"}],"version-history":[{"count":3,"href":"https:\/\/mv-gechingen.de\/index.php?rest_route=\/wp\/v2\/posts\/2581\/revisions"}],"predecessor-version":[{"id":2587,"href":"https:\/\/mv-gechingen.de\/index.php?rest_route=\/wp\/v2\/posts\/2581\/revisions\/2587"}],"wp:featuredmedia":[{"embeddable":true,"href":"https:\/\/mv-gechingen.de\/index.php?rest_route=\/wp\/v2\/media\/2583"}],"wp:attachment":[{"href":"https:\/\/mv-gechingen.de\/index.php?rest_route=%2Fwp%2Fv2%2Fmedia&parent=2581"}],"wp:term":[{"taxonomy":"category","embeddable":true,"href":"https:\/\/mv-gechingen.de\/index.php?rest_route=%2Fwp%2Fv2%2Fcategories&post=2581"},{"taxonomy":"post_tag","embeddable":true,"href":"https:\/\/mv-gechingen.de\/index.php?rest_route=%2Fwp%2Fv2%2Ftags&post=2581"}],"curies":[{"name":"wp","href":"https:\/\/api.w.org\/{rel}","templated":true}]}}