{"id":2601,"date":"2024-01-24T11:26:50","date_gmt":"2024-01-24T10:26:50","guid":{"rendered":"https:\/\/mv-gechingen.de\/?p=2601"},"modified":"2024-01-24T11:26:50","modified_gmt":"2024-01-24T10:26:50","slug":"rueckblick-hauptversammlung-20-01-2024","status":"publish","type":"post","link":"https:\/\/mv-gechingen.de\/?p=2601","title":{"rendered":"R\u00fcckblick Hauptversammlung 20.01.2024"},"content":{"rendered":"\n<p>Die Musikerinnen und Musiker des Musikverein Gechingen er\u00f6ffneten musikalisch die j\u00e4hrliche Hauptversammlung in der Musikertenne in Gechingen mit dem \u201eTriglav-Marsch\u201c. Anschlie\u00dfend begr\u00fc\u00dfte der Vorsitzende Sebastian Lutz alle Anwesenden. Mit dem St\u00fcck \u201eIch hatte einen Kameraden\u201c wurde den im letzten Jahr verstorbenen Mitgliedern<br>gedacht.<\/p>\n\n\n\n<figure class=\"wp-block-image size-large\"><a href=\"https:\/\/mv-gechingen.de\/wordpress_01\/wp-content\/uploads\/2024\/01\/hv-scaled.jpg\"><img loading=\"lazy\" decoding=\"async\" width=\"1024\" height=\"768\" src=\"https:\/\/mv-gechingen.de\/wordpress_01\/wp-content\/uploads\/2024\/01\/hv-1024x768.jpg\" alt=\"\" class=\"wp-image-2602\" srcset=\"https:\/\/mv-gechingen.de\/wordpress_01\/wp-content\/uploads\/2024\/01\/hv-1024x768.jpg 1024w, https:\/\/mv-gechingen.de\/wordpress_01\/wp-content\/uploads\/2024\/01\/hv-300x225.jpg 300w, https:\/\/mv-gechingen.de\/wordpress_01\/wp-content\/uploads\/2024\/01\/hv-768x576.jpg 768w, https:\/\/mv-gechingen.de\/wordpress_01\/wp-content\/uploads\/2024\/01\/hv-1536x1152.jpg 1536w, https:\/\/mv-gechingen.de\/wordpress_01\/wp-content\/uploads\/2024\/01\/hv-2048x1536.jpg 2048w, https:\/\/mv-gechingen.de\/wordpress_01\/wp-content\/uploads\/2024\/01\/hv-400x300.jpg 400w\" sizes=\"(max-width: 1024px) 100vw, 1024px\" \/><\/a><figcaption class=\"wp-element-caption\">Musikalische Er\u00f6ffnung der Versammlung<\/figcaption><\/figure>\n\n\n\n<p>In seinem Bericht blickte Sebastian Lutz auf ein vergangenes Jahr 2023 zur\u00fcck, das seit der Corona-Pandemie das erste Jahr und damit auch das erste Jahr seiner Amtszeit war, in dem der Verein ohne Einschr\u00e4nkungen oder Nachwirkungen seinen gewohnten Aktivit\u00e4ten<br>nachgehen konnte und das auch in vollen Z\u00fcgen getan hat. Ein Blick in die Vereinsstatistik zeigte, dass der Musikverein Gechingen mit seinen 160 Mitgliedern (davon 97 aktiv am Instrument im Gesamtorchester oder in der Musikerjugend) nach wie vor als starker<br>und zukunftsf\u00e4higer Verein dasteht. \u201eEin Zuwachs von 10 Mitgliedern und gleichzeitiger Reduzierung des Altersdurchschnitts beweist die gute und funktionierende Jugendarbeit, die f\u00fcr die Zukunftsf\u00e4higkeit unseres Vereins nicht wegzudenken und von unsch\u00e4tzbarem Wert ist.\u201c, so Sebastian Lutz. Bereits vor einem halben Jahr k\u00fcndigte der Vorsitzende an, dass er nach sechs Jahren Arbeit im Ausschuss, vier davon als Vorsitzender, bei der diesj\u00e4hrigen Wahl nicht mehr als Vorsitzender zur Wahl stehen wird. Er bedankte sich bei allen Anwesenden f\u00fcr das entgegengebrachte Vertrauen in den vergangenen Jahren und freut sich auf ein erfolgreiches Vereinsjahr 2024.<\/p>\n\n\n\n<p>Im Anschluss folgte der Bericht der Schriftf\u00fchrerin Kristina Wei\u00df \u00fcber die musikalischen und freizeitlichen Aktivit\u00e4ten im vergangenen Jahr. Hervorzuheben ist die grandiose Modern Music Show im Mai, welche in 2023 endlich wieder stattfinden konnte. Alles stand unter dem Motto \u201e30 Jahre Modern Music Show\u201c. Das Publikum konnte an zwei Konzertabenden voller mitrei\u00dfender Hits aus modernen Musikgenres wie Rock und Pop sowie Melodien aus Musicals und Filmen begeistert werden. Ende Juni reisten rund 50 Musikerinnen und Musiker in die Schweiz zum 100-j\u00e4hrigen Vereinsjubil\u00e4um der langj\u00e4hrigen Musikfreunde der Musikgesellschaft Kerzers und verbrachten ein tolles gemeinsames Wochenende. Im Juli wurde das traditionelle Gechinger Stra\u00dfenfest in der Brunnenstra\u00dfe veranstaltet und war wie gewohnt ein gro\u00dfer Erfolg. Der letzte Termin im musikalischen Kalender war das gemeinsame Jahreskonzert mit der eigenen Musikerjugend.<\/p>\n\n\n\n<p>Kassenverwalter Andr\u00e9 Talmon L\u2019Arm\u00e9e hielt seinen Bericht \u00fcber die finanzielle Situation des Vereins ab. Trotz der allgemeinen Preissteigerungen konnte sich der Verein durch die erfolgreichen Veranstaltungen ein gutes finanzielles Polster f\u00fcr die Vereinsarbeit aufbauen und die Vereinskasse mit positivem Endbestand schlie\u00dfen.<\/p>\n\n\n\n<p>Die beiden Kassenpr\u00fcfer Michael D\u00fcrr und Matthias Br\u00e4uhauser hatten bei der Kassenpr\u00fcfung keinerlei Unstimmigkeiten festgestellt. Sie bescheinigten eine einwandfreie und saubere Kassenf\u00fchrung und empfahlen der Versammlung die Entlastung des Kassenverwalters.<\/p>\n\n\n\n<p>Dirigent Stefan Schneider blickte in seinem Bericht auf ein musikalisches Jahr zur\u00fcck mit insgesamt 69 Terminen, davon 57 Proben. Vor allem war die erste Jahresh\u00e4lfte sehr geballt. Er hob positiv hervor, dass neun Jungmusiker aus der Jugendkapelle den D1-Lehrgang erfolgreich absolvierten. Die gesamte Jugendkapelle wird nach dem Sommer zum aktiven Orchester wechseln. Er lobte die sehr aktive und erfolgreiche Werbung f\u00fcr die Musikerjugend in den Schulen \u2013 ab dem Fr\u00fchjahr konnte eine neue Jugendgruppe gegr\u00fcndet werden. Er bedankte sich bei der Jugendleitung und bei der gesamten<br>Vorstandschaft f\u00fcr die gute, konstruktive und zielf\u00fchrende Zusammenarbeit. Das Vereinsjahr konnte mit einem \u201erichtig tollen, vielf\u00e4ltigen Jahreskonzert auf hohem Niveau mit vielen Emotionen und positiven R\u00fcckmeldungen\u201c abgeschlossen werden.<\/p>\n\n\n\n<p>Die Jugendleiterin Christin Gr\u00f6bner blickte in ihrem Bericht auf ein ereignisreiches Jahr der Musikerjugend mit gelungenen Auftritten beim Gechinger Stra\u00dfenfest, einem \u201eGast-Auftritt\u201c bei der Modern Music Show und beim Jahreskonzert zur\u00fcck. Die Teilnahme am Tag der Vereine mit einem Infostand und Instrumentenvorstellung fand guten Anklang bei den interessierten Besuchern. Sie bedankte sich beim Jugenddirigent Stefan Schneider und bei allen Jugendausbildern an den Instrumenten f\u00fcr die gute Zusammenarbeit und k\u00fcndigte an, dass f\u00fcr 2024 bereits viele gemeinsame Aktivit\u00e4ten in Planung seien.<\/p>\n\n\n\n<p>Die Entlastung der Vorstandschaft durch die Mitgliederversammlung nahm B\u00fcrgermeister Jens H\u00e4u\u00dfler vor. Die Entlastung wurde einstimmig durch die Anwesenden der Versammlung erteilt. Jens H\u00e4u\u00dfler bedankte sich beim Gesamtverein f\u00fcr das gute und gro\u00dfe Engagement. Der Musikverein sei \u201eein erstklassiger und hervorragender Botschafter f\u00fcr die Gemeinde Gechingen\u201c. Er lobte die kontinuierliche und gute Jugendarbeit, welche f\u00fcr die Zukunft sehr wichtig sei.<\/p>\n\n\n\n<figure class=\"wp-block-image size-large\"><a href=\"https:\/\/mv-gechingen.de\/wordpress_01\/wp-content\/uploads\/2024\/01\/ehrungen.jpg\"><img loading=\"lazy\" decoding=\"async\" width=\"1024\" height=\"770\" src=\"https:\/\/mv-gechingen.de\/wordpress_01\/wp-content\/uploads\/2024\/01\/ehrungen-1024x770.jpg\" alt=\"\" class=\"wp-image-2603\" srcset=\"https:\/\/mv-gechingen.de\/wordpress_01\/wp-content\/uploads\/2024\/01\/ehrungen-1024x770.jpg 1024w, https:\/\/mv-gechingen.de\/wordpress_01\/wp-content\/uploads\/2024\/01\/ehrungen-300x226.jpg 300w, https:\/\/mv-gechingen.de\/wordpress_01\/wp-content\/uploads\/2024\/01\/ehrungen-768x577.jpg 768w, https:\/\/mv-gechingen.de\/wordpress_01\/wp-content\/uploads\/2024\/01\/ehrungen-1536x1155.jpg 1536w, https:\/\/mv-gechingen.de\/wordpress_01\/wp-content\/uploads\/2024\/01\/ehrungen-2048x1540.jpg 2048w, https:\/\/mv-gechingen.de\/wordpress_01\/wp-content\/uploads\/2024\/01\/ehrungen-399x300.jpg 399w\" sizes=\"(max-width: 1024px) 100vw, 1024px\" \/><\/a><figcaption class=\"wp-element-caption\">Geehrt wurden (vorne v. links): Melanie Bahr, Kristina Wei\u00df und Clara Schilling<\/figcaption><\/figure>\n\n\n\n<p>Die Ehrungen f\u00fcr langj\u00e4hrige aktive Mitgliedschaft im Verein wurden durch Stefan Schneider als Vertreter des Kreisverbandes durchgef\u00fchrt. F\u00fcr 10 Jahre aktive Mitgliedschaft wurde Clara Schilling, f\u00fcr 20 Jahre Kristina Wei\u00df und f\u00fcr 30 Jahre aktive Mitgliedschaft wurde Melanie Bahr geehrt.<\/p>\n\n\n\n<p>Die Neuwahlen f\u00fcr die H\u00e4lfte der Vorstandschaft wurden durch den Ehrenvorsitzenden Frank Talmon L\u2019Arm\u00e9e durchgef\u00fchrt. Die in diesem Jahr zur Wahl stehenden Positionen waren: Vorsitzende\/r, Schriftf\u00fchrer\/in, Jugendvertreter\/in, 1. Beisitzer\/in und 3. Beisitzer\/in. Es waren 45 Wahlberechtigte anwesend.<\/p>\n\n\n\n<p>Sebastian Lutz gab nach vier erfolgreichen Jahren sein Amt als Vorsitzender auf. Frank Talmon L\u2019Arm\u00e9e wurde als Nachfolger vorgeschlagen und nahm die Wahl an. Er wurde durch offene Wahl einstimmig zum Vereinsvorsitzenden f\u00fcr zwei Jahre gew\u00e4hlt. Schriftf\u00fchrerin Kristina Wei\u00df, Jugendvertreterin Clara Schilling, Nadine Stahl und Nina Heldmayer als 1. + 3. Beisitzerinnen waren alle bereit, ihr Amt weiter zu f\u00fchren. Sie stellten sich jeweils zur Wahl und wurden durch offene Wahl jeweils einstimmig f\u00fcr zwei Jahre<br>gew\u00e4hlt.<\/p>\n\n\n\n<figure class=\"wp-block-image size-large\"><a href=\"https:\/\/mv-gechingen.de\/wordpress_01\/wp-content\/uploads\/2024\/01\/aussschuss-scaled.jpg\"><img loading=\"lazy\" decoding=\"async\" width=\"1024\" height=\"515\" src=\"https:\/\/mv-gechingen.de\/wordpress_01\/wp-content\/uploads\/2024\/01\/aussschuss-1024x515.jpg\" alt=\"\" class=\"wp-image-2604\" srcset=\"https:\/\/mv-gechingen.de\/wordpress_01\/wp-content\/uploads\/2024\/01\/aussschuss-1024x515.jpg 1024w, https:\/\/mv-gechingen.de\/wordpress_01\/wp-content\/uploads\/2024\/01\/aussschuss-300x151.jpg 300w, https:\/\/mv-gechingen.de\/wordpress_01\/wp-content\/uploads\/2024\/01\/aussschuss-768x387.jpg 768w, https:\/\/mv-gechingen.de\/wordpress_01\/wp-content\/uploads\/2024\/01\/aussschuss-1536x773.jpg 1536w, https:\/\/mv-gechingen.de\/wordpress_01\/wp-content\/uploads\/2024\/01\/aussschuss-2048x1031.jpg 2048w, https:\/\/mv-gechingen.de\/wordpress_01\/wp-content\/uploads\/2024\/01\/aussschuss-500x252.jpg 500w\" sizes=\"(max-width: 1024px) 100vw, 1024px\" \/><\/a><figcaption class=\"wp-element-caption\">Die bisherige und neue Vorstandschaft des Musikverein Gechingen<\/figcaption><\/figure>\n\n\n\n<p>Die Versammlung wurde mit den Musikst\u00fccken \u201eDa Capo\u201c und \u201eWir Musikanten\u201c um 21.30 Uhr geschlossen.<\/p>\n","protected":false},"excerpt":{"rendered":"<p>Die Musikerinnen und Musiker des Musikverein Gechingen er\u00f6ffneten musikalisch die j\u00e4hrliche Hauptversammlung in der Musikertenne in Gechingen mit dem \u201eTriglav-Marsch\u201c. Anschlie\u00dfend begr\u00fc\u00dfte der Vorsitzende Sebastian Lutz alle Anwesenden. Mit dem St\u00fcck \u201eIch hatte einen Kameraden\u201c wurde den im letzten Jahr &hellip; <a href=\"https:\/\/mv-gechingen.de\/?p=2601\">Weiterlesen <span class=\"meta-nav\">&rarr;<\/span><\/a><\/p>\n","protected":false},"author":1,"featured_media":2605,"comment_status":"closed","ping_status":"closed","sticky":false,"template":"","format":"standard","meta":{"footnotes":""},"categories":[1],"tags":[],"_links":{"self":[{"href":"https:\/\/mv-gechingen.de\/index.php?rest_route=\/wp\/v2\/posts\/2601"}],"collection":[{"href":"https:\/\/mv-gechingen.de\/index.php?rest_route=\/wp\/v2\/posts"}],"about":[{"href":"https:\/\/mv-gechingen.de\/index.php?rest_route=\/wp\/v2\/types\/post"}],"author":[{"embeddable":true,"href":"https:\/\/mv-gechingen.de\/index.php?rest_route=\/wp\/v2\/users\/1"}],"replies":[{"embeddable":true,"href":"https:\/\/mv-gechingen.de\/index.php?rest_route=%2Fwp%2Fv2%2Fcomments&post=2601"}],"version-history":[{"count":1,"href":"https:\/\/mv-gechingen.de\/index.php?rest_route=\/wp\/v2\/posts\/2601\/revisions"}],"predecessor-version":[{"id":2606,"href":"https:\/\/mv-gechingen.de\/index.php?rest_route=\/wp\/v2\/posts\/2601\/revisions\/2606"}],"wp:featuredmedia":[{"embeddable":true,"href":"https:\/\/mv-gechingen.de\/index.php?rest_route=\/wp\/v2\/media\/2605"}],"wp:attachment":[{"href":"https:\/\/mv-gechingen.de\/index.php?rest_route=%2Fwp%2Fv2%2Fmedia&parent=2601"}],"wp:term":[{"taxonomy":"category","embeddable":true,"href":"https:\/\/mv-gechingen.de\/index.php?rest_route=%2Fwp%2Fv2%2Fcategories&post=2601"},{"taxonomy":"post_tag","embeddable":true,"href":"https:\/\/mv-gechingen.de\/index.php?rest_route=%2Fwp%2Fv2%2Ftags&post=2601"}],"curies":[{"name":"wp","href":"https:\/\/api.w.org\/{rel}","templated":true}]}}