{"id":2622,"date":"2024-01-28T21:27:16","date_gmt":"2024-01-28T20:27:16","guid":{"rendered":"https:\/\/mv-gechingen.de\/?p=2622"},"modified":"2025-03-08T10:33:08","modified_gmt":"2025-03-08T09:33:08","slug":"modern-music-show-204","status":"publish","type":"post","link":"https:\/\/mv-gechingen.de\/?p=2622","title":{"rendered":"Save the Date &#8211; Modern Music Show 2024"},"content":{"rendered":"\n<p>Save the Date &#8211; Unsere Modern Music Show 2024<\/p>\n\n\n\n<p>In 13 Wochen ist es wieder soweit &#8211; unsere legend\u00e4re Modern Music Show findet statt! Und dieses Jahr sogar an drei Tagen. <strong>Am Freitag, 3. Mai, am Samstag, 4. Mai und am Mittwoch, 8. Mai <\/strong>erwartet Sie in der Gemeindehalle Gechingen ein musikalisches Feuerwerk mit beeindruckenden Gesangseinlagen und tollen B\u00fchnenbildern.<\/p>\n\n\n\n<p>Tragen Sie sich die drei genannten Termine bereits heute in Ihren Kalender ein. Wir freuen uns auf Sie!<\/p>\n\n\n\n<p><strong>Am Samstag, 23. M\u00e4rz von 10 bis 12 Uhr findet bei der Musikertenne in Gechingen (beim Parkplatz der Gemeindehalle) ein \u00f6ffentlicher Vorverkauf statt. Karten gibt es au\u00dferdem bei allen aktiven Musikerinnen und Musikern. Wichtig: Nur solange der Vorrat reicht!<\/strong><\/p>\n\n\n\n<p>Wenn Sie sich bereits heute auf die anstehende Modern Music Show einstimmen und die Wartezeit bis dahin verk\u00fcrzen m\u00f6chten d\u00fcrfen Sie gerne unseren YouTube-Kanal besuchen. Hier finden Sie viele mitrei\u00dfende Videos der letzten Jahre. Wie w\u00e4re es zum Beispiel mit \u201eBig in Japan\u201c von Alphaville aus der Modern Music Show 2019?<\/p>\n\n\n\n<figure class=\"wp-block-image size-large\"><a href=\"https:\/\/mv-gechingen.de\/wordpress_01\/wp-content\/uploads\/2024\/01\/MMS_2024_Plakat_A4_WEB-scaled.jpg\"><img loading=\"lazy\" decoding=\"async\" width=\"726\" height=\"1024\" src=\"https:\/\/mv-gechingen.de\/wordpress_01\/wp-content\/uploads\/2024\/01\/MMS_2024_Plakat_A4_WEB-726x1024.jpg\" alt=\"\" class=\"wp-image-2623\" srcset=\"https:\/\/mv-gechingen.de\/wordpress_01\/wp-content\/uploads\/2024\/01\/MMS_2024_Plakat_A4_WEB-726x1024.jpg 726w, https:\/\/mv-gechingen.de\/wordpress_01\/wp-content\/uploads\/2024\/01\/MMS_2024_Plakat_A4_WEB-213x300.jpg 213w, https:\/\/mv-gechingen.de\/wordpress_01\/wp-content\/uploads\/2024\/01\/MMS_2024_Plakat_A4_WEB-768x1083.jpg 768w, https:\/\/mv-gechingen.de\/wordpress_01\/wp-content\/uploads\/2024\/01\/MMS_2024_Plakat_A4_WEB-1089x1536.jpg 1089w, https:\/\/mv-gechingen.de\/wordpress_01\/wp-content\/uploads\/2024\/01\/MMS_2024_Plakat_A4_WEB-1452x2048.jpg 1452w, https:\/\/mv-gechingen.de\/wordpress_01\/wp-content\/uploads\/2024\/01\/MMS_2024_Plakat_A4_WEB-scaled.jpg 1815w\" sizes=\"(max-width: 726px) 100vw, 726px\" \/><\/a><\/figure>\n","protected":false},"excerpt":{"rendered":"<p>Save the Date &#8211; Unsere Modern Music Show 2024 In 13 Wochen ist es wieder soweit &#8211; unsere legend\u00e4re Modern Music Show findet statt! Und dieses Jahr sogar an drei Tagen. Am Freitag, 3. Mai, am Samstag, 4. Mai und &hellip; <a href=\"https:\/\/mv-gechingen.de\/?p=2622\">Weiterlesen <span class=\"meta-nav\">&rarr;<\/span><\/a><\/p>\n","protected":false},"author":1,"featured_media":2754,"comment_status":"closed","ping_status":"closed","sticky":false,"template":"","format":"standard","meta":{"footnotes":""},"categories":[1],"tags":[],"_links":{"self":[{"href":"https:\/\/mv-gechingen.de\/index.php?rest_route=\/wp\/v2\/posts\/2622"}],"collection":[{"href":"https:\/\/mv-gechingen.de\/index.php?rest_route=\/wp\/v2\/posts"}],"about":[{"href":"https:\/\/mv-gechingen.de\/index.php?rest_route=\/wp\/v2\/types\/post"}],"author":[{"embeddable":true,"href":"https:\/\/mv-gechingen.de\/index.php?rest_route=\/wp\/v2\/users\/1"}],"replies":[{"embeddable":true,"href":"https:\/\/mv-gechingen.de\/index.php?rest_route=%2Fwp%2Fv2%2Fcomments&post=2622"}],"version-history":[{"count":4,"href":"https:\/\/mv-gechingen.de\/index.php?rest_route=\/wp\/v2\/posts\/2622\/revisions"}],"predecessor-version":[{"id":2627,"href":"https:\/\/mv-gechingen.de\/index.php?rest_route=\/wp\/v2\/posts\/2622\/revisions\/2627"}],"wp:featuredmedia":[{"embeddable":true,"href":"https:\/\/mv-gechingen.de\/index.php?rest_route=\/wp\/v2\/media\/2754"}],"wp:attachment":[{"href":"https:\/\/mv-gechingen.de\/index.php?rest_route=%2Fwp%2Fv2%2Fmedia&parent=2622"}],"wp:term":[{"taxonomy":"category","embeddable":true,"href":"https:\/\/mv-gechingen.de\/index.php?rest_route=%2Fwp%2Fv2%2Fcategories&post=2622"},{"taxonomy":"post_tag","embeddable":true,"href":"https:\/\/mv-gechingen.de\/index.php?rest_route=%2Fwp%2Fv2%2Ftags&post=2622"}],"curies":[{"name":"wp","href":"https:\/\/api.w.org\/{rel}","templated":true}]}}