{"id":2639,"date":"2024-05-12T21:35:00","date_gmt":"2024-05-12T19:35:00","guid":{"rendered":"https:\/\/mv-gechingen.de\/?p=2639"},"modified":"2025-03-08T10:29:39","modified_gmt":"2025-03-08T09:29:39","slug":"rueckblick-modern-music-show-2024","status":"publish","type":"post","link":"https:\/\/mv-gechingen.de\/?p=2639","title":{"rendered":"R\u00fcckblick &#8211; Modern Music Show 2024"},"content":{"rendered":"\n<p>An den Abenden des 3., 4. und 8. Mai hat der Musikverein Gechingen zur Modern Music Show eingeladen \u2013 wie jedes Jahr mit vollem Erfolg. Mit Stolz k\u00f6nnen wir verk\u00fcnden, dass alle drei Vorstellungen restlos ausverkauft waren und jeweils rund 450 begeisterte Zuh\u00f6rerinnen und Zuh\u00f6rer in die Halle lockten.<\/p>\n\n\n\n<p>Schon Stunden vor Einlass bildete sich eine Schlange vor dem Eingang, w\u00e4hrend die Sonne strahlte und k\u00fchle Getr\u00e4nke f\u00fcr die Wartenden bereitstanden. Doch die Vorfreude war sp\u00fcrbar, als um 19 Uhr endlich die Tore ge\u00f6ffnet wurden. Unsere G\u00e4ste konnten sich an selbstgemachten K\u00f6stlichkeiten wie Schnitzel mit Kartoffelsalat, Wurstsalat, bunten Salattellern und belegten Br\u00f6tchen erfreuen, bevor um 20.30 Uhr die Show unter der Leitung von Dirigent Stefan Schneider begann.<\/p>\n\n\n\n<p>Mit dem St\u00fcck &#8222;The A-Team&#8220; und einem einfallsreichen Video-Einspieler, der alle rund 50 Musikerinnen und Musiker zeigte, die aus dem ikonischen Bus des A-Teams ausstiegen und in die Halle liefen, er\u00f6ffneten wir den Abend. Es folgte eine mitrei\u00dfende Darbietung von &#8222;Let me entertain you&#8220; von Robbie Williams und &#8222;Viva la Vida&#8220; von Coldplay. Besonders ber\u00fchrend war das St\u00fcck &#8222;You raise me up&#8220; in einer Kleinbesetzung aus Holzbl\u00e4sern, begleitet von einer G\u00e4nsehautatmosph\u00e4re und zahlreichen Lichtern im Publikum und auf der<br>B\u00fchne.<\/p>\n\n\n\n<p>Am Gesang gl\u00e4nzten Julia D\u00fcrr, Stefan Eitel und Simon Schwarzer, welcher auch an der Gitarre immer wieder sein K\u00f6nnen bewies. Das Publikum wurde souver\u00e4n und unterhaltsam durch unsere Querfl\u00f6tistin Maren Schneider durch das Programm gef\u00fchrt.<\/p>\n\n\n\n<figure class=\"wp-block-image size-large\"><a href=\"https:\/\/mv-gechingen.de\/wordpress_01\/wp-content\/uploads\/2024\/06\/nobody-scaled.jpg\"><img loading=\"lazy\" decoding=\"async\" width=\"768\" height=\"1024\" src=\"https:\/\/mv-gechingen.de\/wordpress_01\/wp-content\/uploads\/2024\/06\/nobody-768x1024.jpg\" alt=\"\" class=\"wp-image-2642\" srcset=\"https:\/\/mv-gechingen.de\/wordpress_01\/wp-content\/uploads\/2024\/06\/nobody-768x1024.jpg 768w, https:\/\/mv-gechingen.de\/wordpress_01\/wp-content\/uploads\/2024\/06\/nobody-225x300.jpg 225w, https:\/\/mv-gechingen.de\/wordpress_01\/wp-content\/uploads\/2024\/06\/nobody-1152x1536.jpg 1152w, https:\/\/mv-gechingen.de\/wordpress_01\/wp-content\/uploads\/2024\/06\/nobody-1536x2048.jpg 1536w, https:\/\/mv-gechingen.de\/wordpress_01\/wp-content\/uploads\/2024\/06\/nobody-scaled.jpg 1920w\" sizes=\"(max-width: 768px) 100vw, 768px\" \/><\/a><figcaption class=\"wp-element-caption\">Unsere Blockfl\u00f6tengruppe mit &#8222;My name is Nobody&#8220;<\/figcaption><\/figure>\n\n\n\n<p>Die Vielfalt des Showabends setzte sich fort mit &#8222;Grease is the word&#8220;, gefolgt von der Filmmusik des nostalgischen und humorvollen Westernklassiker &#8222;My name is Nobody&#8220;, bei dem Blockfl\u00f6tenspieler mit Cowboy-H\u00fcten auf Strohballen eine B\u00fchne im Western-Style einnahmen. Eine Kleinbesetzung unserer Blechbl\u00e4sern begeisterte das Publikum mit dem vorw\u00e4rtstreibenden, geradlinigen Groove des St\u00fcckes &#8222;Straight fit&#8220;, bevor wir die Stimmung mit &#8222;Let&#8217;s get loud&#8220; von Jennifer Lopez weiter anheizten.<\/p>\n\n\n\n<figure class=\"wp-block-image size-large\"><a href=\"https:\/\/mv-gechingen.de\/wordpress_01\/wp-content\/uploads\/2024\/06\/blechgruppe-scaled.jpg\"><img loading=\"lazy\" decoding=\"async\" width=\"1024\" height=\"768\" src=\"https:\/\/mv-gechingen.de\/wordpress_01\/wp-content\/uploads\/2024\/06\/blechgruppe-1024x768.jpg\" alt=\"\" class=\"wp-image-2641\" srcset=\"https:\/\/mv-gechingen.de\/wordpress_01\/wp-content\/uploads\/2024\/06\/blechgruppe-1024x768.jpg 1024w, https:\/\/mv-gechingen.de\/wordpress_01\/wp-content\/uploads\/2024\/06\/blechgruppe-300x225.jpg 300w, https:\/\/mv-gechingen.de\/wordpress_01\/wp-content\/uploads\/2024\/06\/blechgruppe-768x576.jpg 768w, https:\/\/mv-gechingen.de\/wordpress_01\/wp-content\/uploads\/2024\/06\/blechgruppe-1536x1152.jpg 1536w, https:\/\/mv-gechingen.de\/wordpress_01\/wp-content\/uploads\/2024\/06\/blechgruppe-2048x1536.jpg 2048w, https:\/\/mv-gechingen.de\/wordpress_01\/wp-content\/uploads\/2024\/06\/blechgruppe-400x300.jpg 400w\" sizes=\"(max-width: 1024px) 100vw, 1024px\" \/><\/a><figcaption class=\"wp-element-caption\">Die Kleinbesetzung unserer Blechbl\u00e4ser mit &#8222;Straight fit&#8220;<\/figcaption><\/figure>\n\n\n\n<p>Nach einer halbst\u00fcndigen Pause setzten wir die Show mit dem Instrumentalst\u00fcck &#8222;Axel F.&#8220; und spannender Musik aus dem Musical &#8222;Aladdin&#8220; fort, begleitet von vier talentierten T\u00e4nzerinnen und T\u00e4nzern. Ein instrumentales Medley der erfolgreichen S\u00e4ngerin und Songwriterin Adele und der Jazzstandard &#8222;Harlem Nocturne&#8220; mit unserem beeindruckenden Bariton-Solisten Marvin Welte sorgten f\u00fcr weitere H\u00f6hepunkte.<\/p>\n\n\n\n<figure class=\"wp-block-image size-large\"><a href=\"https:\/\/mv-gechingen.de\/wordpress_01\/wp-content\/uploads\/2024\/06\/nocturn-scaled.jpg\"><img loading=\"lazy\" decoding=\"async\" width=\"1024\" height=\"768\" src=\"https:\/\/mv-gechingen.de\/wordpress_01\/wp-content\/uploads\/2024\/06\/nocturn-1024x768.jpg\" alt=\"\" class=\"wp-image-2640\" srcset=\"https:\/\/mv-gechingen.de\/wordpress_01\/wp-content\/uploads\/2024\/06\/nocturn-1024x768.jpg 1024w, https:\/\/mv-gechingen.de\/wordpress_01\/wp-content\/uploads\/2024\/06\/nocturn-300x225.jpg 300w, https:\/\/mv-gechingen.de\/wordpress_01\/wp-content\/uploads\/2024\/06\/nocturn-768x576.jpg 768w, https:\/\/mv-gechingen.de\/wordpress_01\/wp-content\/uploads\/2024\/06\/nocturn-1536x1152.jpg 1536w, https:\/\/mv-gechingen.de\/wordpress_01\/wp-content\/uploads\/2024\/06\/nocturn-2048x1536.jpg 2048w, https:\/\/mv-gechingen.de\/wordpress_01\/wp-content\/uploads\/2024\/06\/nocturn-400x300.jpg 400w\" sizes=\"(max-width: 1024px) 100vw, 1024px\" \/><\/a><figcaption class=\"wp-element-caption\">Marvin Welte mit &#8222;Harlem Nocturne&#8220;<\/figcaption><\/figure>\n\n\n\n<p>Ein besonderes Highlight war unser &#8222;Special Showact&#8220; der vereinseigenen Wildecker Herzbuben in einer Rockversion des Hits &#8222;Herzilein&#8220;, gefolgt von einem Medley der Shanty-Rockgruppe Santiano. Den Endspurt l\u00e4uteten wir ein mit &#8222;You&#8217;re simply the best&#8220; der Rock-Legende Tina Turner, gefolgt von &#8222;Alone&#8220; von Heart und &#8222;Komet&#8220; von Udo Lindenberg und Apache 207. Der tosende Applaus und die Standing Ovations veranlassten uns zu drei Zugaben: &#8222;Tage wie diese&#8220; der Toten Hosen, ein Medley von Wolfgang Petry und als kr\u00f6nender Abschluss die Powerballade &#8222;My oh my&#8220; von Slade, bei der das gesamte Publikum mitsang.<\/p>\n\n\n\n<figure class=\"wp-block-image size-large is-resized\"><a href=\"https:\/\/mv-gechingen.de\/wordpress_01\/wp-content\/uploads\/2024\/06\/herzbuben-scaled.jpg\"><img loading=\"lazy\" decoding=\"async\" width=\"1024\" height=\"768\" src=\"https:\/\/mv-gechingen.de\/wordpress_01\/wp-content\/uploads\/2024\/06\/herzbuben-1024x768.jpg\" alt=\"\" class=\"wp-image-2643\" style=\"width:614px;height:auto\" srcset=\"https:\/\/mv-gechingen.de\/wordpress_01\/wp-content\/uploads\/2024\/06\/herzbuben-1024x768.jpg 1024w, https:\/\/mv-gechingen.de\/wordpress_01\/wp-content\/uploads\/2024\/06\/herzbuben-300x225.jpg 300w, https:\/\/mv-gechingen.de\/wordpress_01\/wp-content\/uploads\/2024\/06\/herzbuben-768x576.jpg 768w, https:\/\/mv-gechingen.de\/wordpress_01\/wp-content\/uploads\/2024\/06\/herzbuben-1536x1152.jpg 1536w, https:\/\/mv-gechingen.de\/wordpress_01\/wp-content\/uploads\/2024\/06\/herzbuben-2048x1536.jpg 2048w, https:\/\/mv-gechingen.de\/wordpress_01\/wp-content\/uploads\/2024\/06\/herzbuben-400x300.jpg 400w\" sizes=\"(max-width: 1024px) 100vw, 1024px\" \/><\/a><figcaption class=\"wp-element-caption\">Unsere Wildecker Herzbuben und Simon Schwarzer mit &#8222;Herzilein&#8220; als Rockversion<\/figcaption><\/figure>\n\n\n\n<p>Wir bedanken uns bei dem wunderbaren Publikum und bei allen Beteiligten, Helferinnen und Helfern, die uns diese drei unglaublichen Abende m\u00f6glich gemacht haben. Es war uns eine Ehre!<\/p>\n","protected":false},"excerpt":{"rendered":"<p>An den Abenden des 3., 4. und 8. Mai hat der Musikverein Gechingen zur Modern Music Show eingeladen \u2013 wie jedes Jahr mit vollem Erfolg. Mit Stolz k\u00f6nnen wir verk\u00fcnden, dass alle drei Vorstellungen restlos ausverkauft waren und jeweils rund &hellip; <a href=\"https:\/\/mv-gechingen.de\/?p=2639\">Weiterlesen <span class=\"meta-nav\">&rarr;<\/span><\/a><\/p>\n","protected":false},"author":1,"featured_media":2640,"comment_status":"closed","ping_status":"closed","sticky":false,"template":"","format":"standard","meta":{"footnotes":""},"categories":[1],"tags":[],"_links":{"self":[{"href":"https:\/\/mv-gechingen.de\/index.php?rest_route=\/wp\/v2\/posts\/2639"}],"collection":[{"href":"https:\/\/mv-gechingen.de\/index.php?rest_route=\/wp\/v2\/posts"}],"about":[{"href":"https:\/\/mv-gechingen.de\/index.php?rest_route=\/wp\/v2\/types\/post"}],"author":[{"embeddable":true,"href":"https:\/\/mv-gechingen.de\/index.php?rest_route=\/wp\/v2\/users\/1"}],"replies":[{"embeddable":true,"href":"https:\/\/mv-gechingen.de\/index.php?rest_route=%2Fwp%2Fv2%2Fcomments&post=2639"}],"version-history":[{"count":1,"href":"https:\/\/mv-gechingen.de\/index.php?rest_route=\/wp\/v2\/posts\/2639\/revisions"}],"predecessor-version":[{"id":2644,"href":"https:\/\/mv-gechingen.de\/index.php?rest_route=\/wp\/v2\/posts\/2639\/revisions\/2644"}],"wp:featuredmedia":[{"embeddable":true,"href":"https:\/\/mv-gechingen.de\/index.php?rest_route=\/wp\/v2\/media\/2640"}],"wp:attachment":[{"href":"https:\/\/mv-gechingen.de\/index.php?rest_route=%2Fwp%2Fv2%2Fmedia&parent=2639"}],"wp:term":[{"taxonomy":"category","embeddable":true,"href":"https:\/\/mv-gechingen.de\/index.php?rest_route=%2Fwp%2Fv2%2Fcategories&post=2639"},{"taxonomy":"post_tag","embeddable":true,"href":"https:\/\/mv-gechingen.de\/index.php?rest_route=%2Fwp%2Fv2%2Ftags&post=2639"}],"curies":[{"name":"wp","href":"https:\/\/api.w.org\/{rel}","templated":true}]}}