{"id":2656,"date":"2024-06-20T22:20:23","date_gmt":"2024-06-20T20:20:23","guid":{"rendered":"https:\/\/mv-gechingen.de\/?p=2656"},"modified":"2024-06-21T10:23:15","modified_gmt":"2024-06-21T08:23:15","slug":"gechinger-strassenfest-2024-am-13-14-juli","status":"publish","type":"post","link":"https:\/\/mv-gechingen.de\/?p=2656","title":{"rendered":"Gechinger Stra\u00dfenfest 2024 am 13.\/14. Juli"},"content":{"rendered":"\n<figure class=\"wp-block-image size-large\"><a href=\"https:\/\/mv-gechingen.de\/wordpress_01\/wp-content\/uploads\/2024\/06\/Strassenfest_Plakat_A4_2024_WEB.jpg\"><img loading=\"lazy\" decoding=\"async\" width=\"724\" height=\"1024\" src=\"https:\/\/mv-gechingen.de\/wordpress_01\/wp-content\/uploads\/2024\/06\/Strassenfest_Plakat_A4_2024_WEB-724x1024.jpg\" alt=\"\" class=\"wp-image-2657\" srcset=\"https:\/\/mv-gechingen.de\/wordpress_01\/wp-content\/uploads\/2024\/06\/Strassenfest_Plakat_A4_2024_WEB-724x1024.jpg 724w, https:\/\/mv-gechingen.de\/wordpress_01\/wp-content\/uploads\/2024\/06\/Strassenfest_Plakat_A4_2024_WEB-212x300.jpg 212w, https:\/\/mv-gechingen.de\/wordpress_01\/wp-content\/uploads\/2024\/06\/Strassenfest_Plakat_A4_2024_WEB-768x1086.jpg 768w, https:\/\/mv-gechingen.de\/wordpress_01\/wp-content\/uploads\/2024\/06\/Strassenfest_Plakat_A4_2024_WEB-1086x1536.jpg 1086w, https:\/\/mv-gechingen.de\/wordpress_01\/wp-content\/uploads\/2024\/06\/Strassenfest_Plakat_A4_2024_WEB.jpg 1240w\" sizes=\"(max-width: 724px) 100vw, 724px\" \/><\/a><\/figure>\n\n\n\n<p>Der Musikverein Gechingen l\u00e4dt Sie am <strong>13. und 14. Juli<\/strong> in die Brunnenstra\u00dfe ein zum traditionellen Gechinger Stra\u00dfenfest. Es erwarten Sie vielerlei kulinarische K\u00f6stlichkeiten mit stimmungsvoller, unterhaltsamer Musik.<\/p>\n\n\n\n<p>Tragen Sie sich den Termin bereits heute in Ihrem Kalender ein. Wir freuen uns auf Ihr Kommen!<\/p>\n","protected":false},"excerpt":{"rendered":"<p>Der Musikverein Gechingen l\u00e4dt Sie am 13. und 14. Juli in die Brunnenstra\u00dfe ein zum traditionellen Gechinger Stra\u00dfenfest. Es erwarten Sie vielerlei kulinarische K\u00f6stlichkeiten mit stimmungsvoller, unterhaltsamer Musik. Tragen Sie sich den Termin bereits heute in Ihrem Kalender ein. Wir &hellip; <a href=\"https:\/\/mv-gechingen.de\/?p=2656\">Weiterlesen <span class=\"meta-nav\">&rarr;<\/span><\/a><\/p>\n","protected":false},"author":1,"featured_media":2654,"comment_status":"closed","ping_status":"closed","sticky":false,"template":"","format":"standard","meta":{"footnotes":""},"categories":[1],"tags":[],"_links":{"self":[{"href":"https:\/\/mv-gechingen.de\/index.php?rest_route=\/wp\/v2\/posts\/2656"}],"collection":[{"href":"https:\/\/mv-gechingen.de\/index.php?rest_route=\/wp\/v2\/posts"}],"about":[{"href":"https:\/\/mv-gechingen.de\/index.php?rest_route=\/wp\/v2\/types\/post"}],"author":[{"embeddable":true,"href":"https:\/\/mv-gechingen.de\/index.php?rest_route=\/wp\/v2\/users\/1"}],"replies":[{"embeddable":true,"href":"https:\/\/mv-gechingen.de\/index.php?rest_route=%2Fwp%2Fv2%2Fcomments&post=2656"}],"version-history":[{"count":2,"href":"https:\/\/mv-gechingen.de\/index.php?rest_route=\/wp\/v2\/posts\/2656\/revisions"}],"predecessor-version":[{"id":2660,"href":"https:\/\/mv-gechingen.de\/index.php?rest_route=\/wp\/v2\/posts\/2656\/revisions\/2660"}],"wp:featuredmedia":[{"embeddable":true,"href":"https:\/\/mv-gechingen.de\/index.php?rest_route=\/wp\/v2\/media\/2654"}],"wp:attachment":[{"href":"https:\/\/mv-gechingen.de\/index.php?rest_route=%2Fwp%2Fv2%2Fmedia&parent=2656"}],"wp:term":[{"taxonomy":"category","embeddable":true,"href":"https:\/\/mv-gechingen.de\/index.php?rest_route=%2Fwp%2Fv2%2Fcategories&post=2656"},{"taxonomy":"post_tag","embeddable":true,"href":"https:\/\/mv-gechingen.de\/index.php?rest_route=%2Fwp%2Fv2%2Ftags&post=2656"}],"curies":[{"name":"wp","href":"https:\/\/api.w.org\/{rel}","templated":true}]}}