{"id":2664,"date":"2024-07-14T21:07:38","date_gmt":"2024-07-14T19:07:38","guid":{"rendered":"https:\/\/mv-gechingen.de\/?p=2664"},"modified":"2024-07-14T21:11:07","modified_gmt":"2024-07-14T19:11:07","slug":"rueckblick-gechinger-strassenfest-2","status":"publish","type":"post","link":"https:\/\/mv-gechingen.de\/?p=2664","title":{"rendered":"R\u00fcckblick Gechinger Stra\u00dfenfest"},"content":{"rendered":"\n<p>Am vergangenen Wochenende verwandelte sich die Brunnenstra\u00dfe in Gechingen in eine wahre Festmeile, denn der Musikverein Gechingen lud zum j\u00e4hrlichen Gechinger Stra\u00dfenfest ein. Besucher aus nah und fern besuchten das Stra\u00dfenfest und genossen die vielf\u00e4ltigen Angebote.<\/p>\n\n\n\n<p>Ab 12 Uhr wurde am Samstag selbstgemachter Kartoffel- und Zwiebelkuchen verkauft. Der Festbetrieb begann um 16 Uhr. Den musikalischen Auftakt machte der Musikverein Malmsheim. <\/p>\n\n\n\n<figure class=\"wp-block-image size-large\"><a href=\"https:\/\/mv-gechingen.de\/wordpress_01\/wp-content\/uploads\/2024\/07\/Musikverein-Malmsheim-scaled.jpg\"><img loading=\"lazy\" decoding=\"async\" width=\"1024\" height=\"768\" src=\"https:\/\/mv-gechingen.de\/wordpress_01\/wp-content\/uploads\/2024\/07\/Musikverein-Malmsheim-1024x768.jpg\" alt=\"\" class=\"wp-image-2671\" srcset=\"https:\/\/mv-gechingen.de\/wordpress_01\/wp-content\/uploads\/2024\/07\/Musikverein-Malmsheim-1024x768.jpg 1024w, https:\/\/mv-gechingen.de\/wordpress_01\/wp-content\/uploads\/2024\/07\/Musikverein-Malmsheim-300x225.jpg 300w, https:\/\/mv-gechingen.de\/wordpress_01\/wp-content\/uploads\/2024\/07\/Musikverein-Malmsheim-768x576.jpg 768w, https:\/\/mv-gechingen.de\/wordpress_01\/wp-content\/uploads\/2024\/07\/Musikverein-Malmsheim-1536x1152.jpg 1536w, https:\/\/mv-gechingen.de\/wordpress_01\/wp-content\/uploads\/2024\/07\/Musikverein-Malmsheim-2048x1536.jpg 2048w, https:\/\/mv-gechingen.de\/wordpress_01\/wp-content\/uploads\/2024\/07\/Musikverein-Malmsheim-400x300.jpg 400w\" sizes=\"(max-width: 1024px) 100vw, 1024px\" \/><\/a><\/figure>\n\n\n\n<p>Anschlie\u00dfend musizierten die Golmer Buam mitten im Festgeschehen auf den Tischen und B\u00e4nken und heizten den Besuchern mit ihrer mitrei\u00dfenden\u00a0 Blasmusik ordentlich ein. <\/p>\n\n\n\n<figure class=\"wp-block-image size-full\"><a href=\"https:\/\/mv-gechingen.de\/wordpress_01\/wp-content\/uploads\/2024\/07\/Golmer-Buam.jpg\"><img loading=\"lazy\" decoding=\"async\" width=\"600\" height=\"800\" src=\"https:\/\/mv-gechingen.de\/wordpress_01\/wp-content\/uploads\/2024\/07\/Golmer-Buam.jpg\" alt=\"\" class=\"wp-image-2666\" srcset=\"https:\/\/mv-gechingen.de\/wordpress_01\/wp-content\/uploads\/2024\/07\/Golmer-Buam.jpg 600w, https:\/\/mv-gechingen.de\/wordpress_01\/wp-content\/uploads\/2024\/07\/Golmer-Buam-225x300.jpg 225w\" sizes=\"(max-width: 600px) 100vw, 600px\" \/><\/a><\/figure>\n\n\n\n<p>F\u00fcr beste Stimmung bis in die Nacht hinein sorgten im Anschluss die Original Schwippetaler aus Dagersheim. Sie brachten die zahlreichen Besucher zum Mitsingen und Tanzen.<\/p>\n\n\n\n<figure class=\"wp-block-image size-large is-resized\"><a href=\"https:\/\/mv-gechingen.de\/wordpress_01\/wp-content\/uploads\/2024\/07\/Die-Original-Schwippetaler-scaled.jpg\"><img loading=\"lazy\" decoding=\"async\" width=\"1024\" height=\"768\" src=\"https:\/\/mv-gechingen.de\/wordpress_01\/wp-content\/uploads\/2024\/07\/Die-Original-Schwippetaler-1024x768.jpg\" alt=\"\" class=\"wp-image-2665\" style=\"width:614px;height:auto\" srcset=\"https:\/\/mv-gechingen.de\/wordpress_01\/wp-content\/uploads\/2024\/07\/Die-Original-Schwippetaler-1024x768.jpg 1024w, https:\/\/mv-gechingen.de\/wordpress_01\/wp-content\/uploads\/2024\/07\/Die-Original-Schwippetaler-300x225.jpg 300w, https:\/\/mv-gechingen.de\/wordpress_01\/wp-content\/uploads\/2024\/07\/Die-Original-Schwippetaler-768x576.jpg 768w, https:\/\/mv-gechingen.de\/wordpress_01\/wp-content\/uploads\/2024\/07\/Die-Original-Schwippetaler-1536x1152.jpg 1536w, https:\/\/mv-gechingen.de\/wordpress_01\/wp-content\/uploads\/2024\/07\/Die-Original-Schwippetaler-2048x1536.jpg 2048w, https:\/\/mv-gechingen.de\/wordpress_01\/wp-content\/uploads\/2024\/07\/Die-Original-Schwippetaler-400x300.jpg 400w\" sizes=\"(max-width: 1024px) 100vw, 1024px\" \/><\/a><\/figure>\n\n\n\n<figure class=\"wp-block-image size-large\"><a href=\"https:\/\/mv-gechingen.de\/wordpress_01\/wp-content\/uploads\/2024\/07\/Partystimmung-scaled.jpg\"><img loading=\"lazy\" decoding=\"async\" width=\"1024\" height=\"768\" src=\"https:\/\/mv-gechingen.de\/wordpress_01\/wp-content\/uploads\/2024\/07\/Partystimmung-1024x768.jpg\" alt=\"\" class=\"wp-image-2672\" srcset=\"https:\/\/mv-gechingen.de\/wordpress_01\/wp-content\/uploads\/2024\/07\/Partystimmung-1024x768.jpg 1024w, https:\/\/mv-gechingen.de\/wordpress_01\/wp-content\/uploads\/2024\/07\/Partystimmung-300x225.jpg 300w, https:\/\/mv-gechingen.de\/wordpress_01\/wp-content\/uploads\/2024\/07\/Partystimmung-768x576.jpg 768w, https:\/\/mv-gechingen.de\/wordpress_01\/wp-content\/uploads\/2024\/07\/Partystimmung-1536x1152.jpg 1536w, https:\/\/mv-gechingen.de\/wordpress_01\/wp-content\/uploads\/2024\/07\/Partystimmung-2048x1536.jpg 2048w, https:\/\/mv-gechingen.de\/wordpress_01\/wp-content\/uploads\/2024\/07\/Partystimmung-400x300.jpg 400w\" sizes=\"(max-width: 1024px) 100vw, 1024px\" \/><\/a><\/figure>\n\n\n\n<p>Neben der musikalischen Unterhaltung kam auch das leibliche Wohl nicht zu kurz. Die Besucher konnten aus einem vielf\u00e4ltigen Angebot an Speisen w\u00e4hlen. Von saftigen Steaks \u00fcber knusprige Pommes bis hin zu deftigen W\u00fcrsten, herzhaftem Zwiebel- und Kartoffelkuchen und leckeren Cr\u00eapes &#8211; es war f\u00fcr jeden Geschmack etwas dabei.<\/p>\n\n\n\n<p>Auch der Sonntag versprach ein abwechslungsreiches Programm. Der Tag begann mit einem Gottesdienst im Freien, begleitet vom Posaunenchor Gechingen.<\/p>\n\n\n\n<figure class=\"wp-block-image size-large\"><a href=\"https:\/\/mv-gechingen.de\/wordpress_01\/wp-content\/uploads\/2024\/07\/Gottesdienst-scaled.jpg\"><img loading=\"lazy\" decoding=\"async\" width=\"1024\" height=\"768\" src=\"https:\/\/mv-gechingen.de\/wordpress_01\/wp-content\/uploads\/2024\/07\/Gottesdienst-1024x768.jpg\" alt=\"\" class=\"wp-image-2667\" srcset=\"https:\/\/mv-gechingen.de\/wordpress_01\/wp-content\/uploads\/2024\/07\/Gottesdienst-1024x768.jpg 1024w, https:\/\/mv-gechingen.de\/wordpress_01\/wp-content\/uploads\/2024\/07\/Gottesdienst-300x225.jpg 300w, https:\/\/mv-gechingen.de\/wordpress_01\/wp-content\/uploads\/2024\/07\/Gottesdienst-768x576.jpg 768w, https:\/\/mv-gechingen.de\/wordpress_01\/wp-content\/uploads\/2024\/07\/Gottesdienst-1536x1152.jpg 1536w, https:\/\/mv-gechingen.de\/wordpress_01\/wp-content\/uploads\/2024\/07\/Gottesdienst-2048x1536.jpg 2048w, https:\/\/mv-gechingen.de\/wordpress_01\/wp-content\/uploads\/2024\/07\/Gottesdienst-400x300.jpg 400w\" sizes=\"(max-width: 1024px) 100vw, 1024px\" \/><\/a><\/figure>\n\n\n\n<p>Die festliche Atmosph\u00e4re wurde durch die musikalischen Beitr\u00e4ge der Jungmusiker des Musikverein Gechingen weiter verst\u00e4rkt. <\/p>\n\n\n\n<figure class=\"wp-block-image size-large\"><a href=\"https:\/\/mv-gechingen.de\/wordpress_01\/wp-content\/uploads\/2024\/07\/Jugendgruppe-Gechingen-scaled.jpg\"><img loading=\"lazy\" decoding=\"async\" width=\"1024\" height=\"768\" src=\"https:\/\/mv-gechingen.de\/wordpress_01\/wp-content\/uploads\/2024\/07\/Jugendgruppe-Gechingen-1024x768.jpg\" alt=\"\" class=\"wp-image-2668\" srcset=\"https:\/\/mv-gechingen.de\/wordpress_01\/wp-content\/uploads\/2024\/07\/Jugendgruppe-Gechingen-1024x768.jpg 1024w, https:\/\/mv-gechingen.de\/wordpress_01\/wp-content\/uploads\/2024\/07\/Jugendgruppe-Gechingen-300x225.jpg 300w, https:\/\/mv-gechingen.de\/wordpress_01\/wp-content\/uploads\/2024\/07\/Jugendgruppe-Gechingen-768x576.jpg 768w, https:\/\/mv-gechingen.de\/wordpress_01\/wp-content\/uploads\/2024\/07\/Jugendgruppe-Gechingen-1536x1152.jpg 1536w, https:\/\/mv-gechingen.de\/wordpress_01\/wp-content\/uploads\/2024\/07\/Jugendgruppe-Gechingen-2048x1536.jpg 2048w, https:\/\/mv-gechingen.de\/wordpress_01\/wp-content\/uploads\/2024\/07\/Jugendgruppe-Gechingen-400x300.jpg 400w\" sizes=\"(max-width: 1024px) 100vw, 1024px\" \/><\/a><\/figure>\n\n\n\n<figure class=\"wp-block-image size-large\"><a href=\"https:\/\/mv-gechingen.de\/wordpress_01\/wp-content\/uploads\/2024\/07\/Jugendkapelle-Gechingen1-scaled.jpg\"><img loading=\"lazy\" decoding=\"async\" width=\"1024\" height=\"768\" src=\"https:\/\/mv-gechingen.de\/wordpress_01\/wp-content\/uploads\/2024\/07\/Jugendkapelle-Gechingen1-1024x768.jpg\" alt=\"\" class=\"wp-image-2669\" srcset=\"https:\/\/mv-gechingen.de\/wordpress_01\/wp-content\/uploads\/2024\/07\/Jugendkapelle-Gechingen1-1024x768.jpg 1024w, https:\/\/mv-gechingen.de\/wordpress_01\/wp-content\/uploads\/2024\/07\/Jugendkapelle-Gechingen1-300x225.jpg 300w, https:\/\/mv-gechingen.de\/wordpress_01\/wp-content\/uploads\/2024\/07\/Jugendkapelle-Gechingen1-768x576.jpg 768w, https:\/\/mv-gechingen.de\/wordpress_01\/wp-content\/uploads\/2024\/07\/Jugendkapelle-Gechingen1-1536x1152.jpg 1536w, https:\/\/mv-gechingen.de\/wordpress_01\/wp-content\/uploads\/2024\/07\/Jugendkapelle-Gechingen1-2048x1536.jpg 2048w, https:\/\/mv-gechingen.de\/wordpress_01\/wp-content\/uploads\/2024\/07\/Jugendkapelle-Gechingen1-400x300.jpg 400w\" sizes=\"(max-width: 1024px) 100vw, 1024px\" \/><\/a><\/figure>\n\n\n\n<p>Den musikalischen Abschluss macht der Musikverein Altburg.<\/p>\n\n\n\n<figure class=\"wp-block-image size-large\"><a href=\"https:\/\/mv-gechingen.de\/wordpress_01\/wp-content\/uploads\/2024\/07\/Musikverein-Altburg-scaled.jpg\"><img loading=\"lazy\" decoding=\"async\" width=\"1024\" height=\"768\" src=\"https:\/\/mv-gechingen.de\/wordpress_01\/wp-content\/uploads\/2024\/07\/Musikverein-Altburg-1024x768.jpg\" alt=\"\" class=\"wp-image-2670\" srcset=\"https:\/\/mv-gechingen.de\/wordpress_01\/wp-content\/uploads\/2024\/07\/Musikverein-Altburg-1024x768.jpg 1024w, https:\/\/mv-gechingen.de\/wordpress_01\/wp-content\/uploads\/2024\/07\/Musikverein-Altburg-300x225.jpg 300w, https:\/\/mv-gechingen.de\/wordpress_01\/wp-content\/uploads\/2024\/07\/Musikverein-Altburg-768x576.jpg 768w, https:\/\/mv-gechingen.de\/wordpress_01\/wp-content\/uploads\/2024\/07\/Musikverein-Altburg-1536x1152.jpg 1536w, https:\/\/mv-gechingen.de\/wordpress_01\/wp-content\/uploads\/2024\/07\/Musikverein-Altburg-2048x1536.jpg 2048w, https:\/\/mv-gechingen.de\/wordpress_01\/wp-content\/uploads\/2024\/07\/Musikverein-Altburg-400x300.jpg 400w\" sizes=\"(max-width: 1024px) 100vw, 1024px\" \/><\/a><\/figure>\n\n\n\n<p>F\u00fcr das leibliche Wohl am Sonntagmittag sorgten zus\u00e4tzlich Maultaschen mit Kartoffelsalat. Bei leckeren Speisen und k\u00fchlen Getr\u00e4nken konnten sich die Besucher st\u00e4rken und den Tag gem\u00fctlich ausklingen lassen.<\/p>\n\n\n\n<p>Der Musikverein Gechingen bedankt sich herzlich bei allen Besuchern und flei\u00dfigen Helfern, die zum Gelingen des Gechinger Stra\u00dfenfestes beigetragen haben. Ohne ihr Engagement und ihre Unterst\u00fctzung w\u00e4re das Fest nicht m\u00f6glich gewesen. Wir sind \u00fcberw\u00e4ltigt von der positiven Resonanz und freuen uns schon wieder auf das n\u00e4chste Jahr!<\/p>\n","protected":false},"excerpt":{"rendered":"<p>Am vergangenen Wochenende verwandelte sich die Brunnenstra\u00dfe in Gechingen in eine wahre Festmeile, denn der Musikverein Gechingen lud zum j\u00e4hrlichen Gechinger Stra\u00dfenfest ein. Besucher aus nah und fern besuchten das Stra\u00dfenfest und genossen die vielf\u00e4ltigen Angebote. Ab 12 Uhr wurde &hellip; <a href=\"https:\/\/mv-gechingen.de\/?p=2664\">Weiterlesen <span class=\"meta-nav\">&rarr;<\/span><\/a><\/p>\n","protected":false},"author":3,"featured_media":2667,"comment_status":"closed","ping_status":"closed","sticky":false,"template":"","format":"standard","meta":{"footnotes":""},"categories":[1],"tags":[],"_links":{"self":[{"href":"https:\/\/mv-gechingen.de\/index.php?rest_route=\/wp\/v2\/posts\/2664"}],"collection":[{"href":"https:\/\/mv-gechingen.de\/index.php?rest_route=\/wp\/v2\/posts"}],"about":[{"href":"https:\/\/mv-gechingen.de\/index.php?rest_route=\/wp\/v2\/types\/post"}],"author":[{"embeddable":true,"href":"https:\/\/mv-gechingen.de\/index.php?rest_route=\/wp\/v2\/users\/3"}],"replies":[{"embeddable":true,"href":"https:\/\/mv-gechingen.de\/index.php?rest_route=%2Fwp%2Fv2%2Fcomments&post=2664"}],"version-history":[{"count":3,"href":"https:\/\/mv-gechingen.de\/index.php?rest_route=\/wp\/v2\/posts\/2664\/revisions"}],"predecessor-version":[{"id":2674,"href":"https:\/\/mv-gechingen.de\/index.php?rest_route=\/wp\/v2\/posts\/2664\/revisions\/2674"}],"wp:featuredmedia":[{"embeddable":true,"href":"https:\/\/mv-gechingen.de\/index.php?rest_route=\/wp\/v2\/media\/2667"}],"wp:attachment":[{"href":"https:\/\/mv-gechingen.de\/index.php?rest_route=%2Fwp%2Fv2%2Fmedia&parent=2664"}],"wp:term":[{"taxonomy":"category","embeddable":true,"href":"https:\/\/mv-gechingen.de\/index.php?rest_route=%2Fwp%2Fv2%2Fcategories&post=2664"},{"taxonomy":"post_tag","embeddable":true,"href":"https:\/\/mv-gechingen.de\/index.php?rest_route=%2Fwp%2Fv2%2Ftags&post=2664"}],"curies":[{"name":"wp","href":"https:\/\/api.w.org\/{rel}","templated":true}]}}