{"id":2679,"date":"2024-11-16T20:43:19","date_gmt":"2024-11-16T19:43:19","guid":{"rendered":"https:\/\/mv-gechingen.de\/?p=2679"},"modified":"2024-11-16T21:29:43","modified_gmt":"2024-11-16T20:29:43","slug":"konzert-2024-am-07-dezmber","status":"publish","type":"post","link":"https:\/\/mv-gechingen.de\/?p=2679","title":{"rendered":"Konzert 2024 am 07. Dezember"},"content":{"rendered":"\n<figure class=\"wp-block-image size-full\"><a href=\"https:\/\/mv-gechingen.de\/wordpress_01\/wp-content\/uploads\/2024\/11\/Konzert24_Plakat_A4_WEB.jpg\"><img loading=\"lazy\" decoding=\"async\" width=\"595\" height=\"840\" src=\"https:\/\/mv-gechingen.de\/wordpress_01\/wp-content\/uploads\/2024\/11\/Konzert24_Plakat_A4_WEB.jpg\" alt=\"\" class=\"wp-image-2680\" srcset=\"https:\/\/mv-gechingen.de\/wordpress_01\/wp-content\/uploads\/2024\/11\/Konzert24_Plakat_A4_WEB.jpg 595w, https:\/\/mv-gechingen.de\/wordpress_01\/wp-content\/uploads\/2024\/11\/Konzert24_Plakat_A4_WEB-213x300.jpg 213w\" sizes=\"(max-width: 595px) 100vw, 595px\" \/><\/a><\/figure>\n\n\n\n<p>Unser festliches Jahreskonzert findet am <strong>Samstag, den 7. Dezember<\/strong> in der Gechinger Gemeindehalle statt. Hierzu laden wir Sie\u00a0herzlich ein. Freuen Sie sich unter anderem auf die kraftvolle und heroische Komposition \u201eSons of the Midnight\u201c und das Musical \u201eMozart\u201c.<\/p>\n\n\n\n<p>Einlass ist am Konzertabend um 18:30 Uhr und Konzertbeginn um 19:30 Uhr. Karten f\u00fcr unser Jahreskonzert sind im Vorverkauf bei allen aktiven Musikerinnen und Musikern zu erhalten (Kartenpreis 9,- \u20ac, Kinder und Jugendliche bis 14 Jahre erhalten kostenfreien Eintritt).<\/p>\n\n\n\n<p>Sowohl die Musikerjugend als auch das aktive Orchester sind seit einigen Wochen flei\u00dfig am Proben. Vergangene Woche probte das aktive Orchester in Summe dreimal: am Montag- bzw. Dienstagabend waren die Registerproben der Holz- und Blechbl\u00e4ser, am Donnerstagabend war unsere w\u00f6chentliche Probe des Gesamtorchesters und am Sonntag war eine gesonderte Sonntagsprobe von 10 bis 12 Uhr.<\/p>\n\n\n\n<p>Es geht nun in den Endspurt der Konzertvorbereitung: Am kommenden Samstag und Sonntag findet unser Probenwochenende in Gechingen statt. Neben den geplanten musikalischen Einheiten wie Register- und Gesamtproben wird sicher auch genug Zeit f\u00fcr gemeinsame Gespr\u00e4che und viel Spa\u00df bleiben. Wir freuen uns auf ein tolles Wochenende.<\/p>\n","protected":false},"excerpt":{"rendered":"<p>Unser festliches Jahreskonzert findet am Samstag, den 7. Dezember in der Gechinger Gemeindehalle statt. Hierzu laden wir Sie\u00a0herzlich ein. Freuen Sie sich unter anderem auf die kraftvolle und heroische Komposition \u201eSons of the Midnight\u201c und das Musical \u201eMozart\u201c. Einlass ist &hellip; <a href=\"https:\/\/mv-gechingen.de\/?p=2679\">Weiterlesen <span class=\"meta-nav\">&rarr;<\/span><\/a><\/p>\n","protected":false},"author":1,"featured_media":2677,"comment_status":"closed","ping_status":"closed","sticky":false,"template":"","format":"standard","meta":{"footnotes":""},"categories":[1],"tags":[],"_links":{"self":[{"href":"https:\/\/mv-gechingen.de\/index.php?rest_route=\/wp\/v2\/posts\/2679"}],"collection":[{"href":"https:\/\/mv-gechingen.de\/index.php?rest_route=\/wp\/v2\/posts"}],"about":[{"href":"https:\/\/mv-gechingen.de\/index.php?rest_route=\/wp\/v2\/types\/post"}],"author":[{"embeddable":true,"href":"https:\/\/mv-gechingen.de\/index.php?rest_route=\/wp\/v2\/users\/1"}],"replies":[{"embeddable":true,"href":"https:\/\/mv-gechingen.de\/index.php?rest_route=%2Fwp%2Fv2%2Fcomments&post=2679"}],"version-history":[{"count":4,"href":"https:\/\/mv-gechingen.de\/index.php?rest_route=\/wp\/v2\/posts\/2679\/revisions"}],"predecessor-version":[{"id":2685,"href":"https:\/\/mv-gechingen.de\/index.php?rest_route=\/wp\/v2\/posts\/2679\/revisions\/2685"}],"wp:featuredmedia":[{"embeddable":true,"href":"https:\/\/mv-gechingen.de\/index.php?rest_route=\/wp\/v2\/media\/2677"}],"wp:attachment":[{"href":"https:\/\/mv-gechingen.de\/index.php?rest_route=%2Fwp%2Fv2%2Fmedia&parent=2679"}],"wp:term":[{"taxonomy":"category","embeddable":true,"href":"https:\/\/mv-gechingen.de\/index.php?rest_route=%2Fwp%2Fv2%2Fcategories&post=2679"},{"taxonomy":"post_tag","embeddable":true,"href":"https:\/\/mv-gechingen.de\/index.php?rest_route=%2Fwp%2Fv2%2Ftags&post=2679"}],"curies":[{"name":"wp","href":"https:\/\/api.w.org\/{rel}","templated":true}]}}