{"id":2702,"date":"2024-12-09T16:11:24","date_gmt":"2024-12-09T15:11:24","guid":{"rendered":"https:\/\/mv-gechingen.de\/?p=2702"},"modified":"2024-12-10T20:50:01","modified_gmt":"2024-12-10T19:50:01","slug":"rueckblick-jahreskonzert-2024","status":"publish","type":"post","link":"https:\/\/mv-gechingen.de\/?p=2702","title":{"rendered":"R\u00fcckblick Jahreskonzert 2024"},"content":{"rendered":"\n<p>Am vergangenen Samstagabend verwandelte der Musikverein Gechingen die Gemeindehalle in einen musikalischen H\u00f6hepunkt. Unter der Leitung von Dirigent Stefan Schneider pr\u00e4sentierte das Orchester ein abwechslungsreiches Programm, das das Publikum begeisterte.<\/p>\n\n\n\n<p>Den Anfang des Konzertprogramms gestalteten unsere Nachwuchsmusiker. Los ging es mit unserer Jugendgruppe. Sie bewiesen Ihren Eltern, Gro\u00dfeltern, Geschwistern und dem ganzen Publikum Ihr K\u00f6nnen und \u00fcbernahmen auch die Ansage ihrer St\u00fccke selbst.<\/p>\n\n\n\n<figure class=\"wp-block-image size-large\"><a href=\"https:\/\/mv-gechingen.de\/wordpress_01\/wp-content\/uploads\/2024\/12\/Jugengruppe-scaled.jpg\"><img loading=\"lazy\" decoding=\"async\" width=\"1024\" height=\"768\" src=\"https:\/\/mv-gechingen.de\/wordpress_01\/wp-content\/uploads\/2024\/12\/Jugengruppe-1024x768.jpg\" alt=\"\" class=\"wp-image-2706\" srcset=\"https:\/\/mv-gechingen.de\/wordpress_01\/wp-content\/uploads\/2024\/12\/Jugengruppe-1024x768.jpg 1024w, https:\/\/mv-gechingen.de\/wordpress_01\/wp-content\/uploads\/2024\/12\/Jugengruppe-300x225.jpg 300w, https:\/\/mv-gechingen.de\/wordpress_01\/wp-content\/uploads\/2024\/12\/Jugengruppe-768x576.jpg 768w, https:\/\/mv-gechingen.de\/wordpress_01\/wp-content\/uploads\/2024\/12\/Jugengruppe-1536x1152.jpg 1536w, https:\/\/mv-gechingen.de\/wordpress_01\/wp-content\/uploads\/2024\/12\/Jugengruppe-2048x1536.jpg 2048w, https:\/\/mv-gechingen.de\/wordpress_01\/wp-content\/uploads\/2024\/12\/Jugengruppe-400x300.jpg 400w\" sizes=\"(max-width: 1024px) 100vw, 1024px\" \/><\/a><\/figure>\n\n\n\n<p>Die Jugendkapelle, welche nach der Jugendgruppe auf der B\u00fchne den Platz einnahm, spielte in dieser Formation ein letztes Mal. Alle Jugendlichen der Jugendkapelle sind seit dem Sommer im aktiven Orchester und probten w\u00e4hrend der vergangenen Monate in beiden Gruppierungen. Das diesj\u00e4hrige Jahreskonzert war f\u00fcr die Jugendlichen damit zum einen der Abschied ihrer Jugendkapellenzeit und zum anderen der Beginn ihrer neuen musikalischen Herausforderung im aktiven Orchester.<\/p>\n\n\n\n<figure class=\"wp-block-image size-large\"><a href=\"https:\/\/mv-gechingen.de\/wordpress_01\/wp-content\/uploads\/2024\/12\/Jugendkapelle-scaled.jpg\"><img loading=\"lazy\" decoding=\"async\" width=\"1024\" height=\"768\" src=\"https:\/\/mv-gechingen.de\/wordpress_01\/wp-content\/uploads\/2024\/12\/Jugendkapelle-1024x768.jpg\" alt=\"\" class=\"wp-image-2707\" srcset=\"https:\/\/mv-gechingen.de\/wordpress_01\/wp-content\/uploads\/2024\/12\/Jugendkapelle-1024x768.jpg 1024w, https:\/\/mv-gechingen.de\/wordpress_01\/wp-content\/uploads\/2024\/12\/Jugendkapelle-300x225.jpg 300w, https:\/\/mv-gechingen.de\/wordpress_01\/wp-content\/uploads\/2024\/12\/Jugendkapelle-768x576.jpg 768w, https:\/\/mv-gechingen.de\/wordpress_01\/wp-content\/uploads\/2024\/12\/Jugendkapelle-1536x1152.jpg 1536w, https:\/\/mv-gechingen.de\/wordpress_01\/wp-content\/uploads\/2024\/12\/Jugendkapelle-2048x1536.jpg 2048w, https:\/\/mv-gechingen.de\/wordpress_01\/wp-content\/uploads\/2024\/12\/Jugendkapelle-400x300.jpg 400w\" sizes=\"(max-width: 1024px) 100vw, 1024px\" \/><\/a><\/figure>\n\n\n\n<p>Das Ausbildungskonzept des Musikverein Gechingen hat sich also mehr als bew\u00e4hrt. Dieses Konzept sieht vor, dass alle Neueinsteiger von Beginn an ihr Instrument in der Gruppe erlernen. Damit soll nicht nur der Spa\u00df am Musizieren, sondern auch die Gemeinschaft und der Zusammenhalt unter den Jugendlichen gef\u00f6rdert werden. Erg\u00e4nzt wird das Ausbildungsprogramm mit dem jeweiligen Einzel- und Gruppenunterricht. Sprechen Sie uns bei Interesse gerne an. Alle wichtigen Infos und Kontaktdaten finden Sie hier auf unserer Homepage in der Rubrik &#8222;Musikerjugend&#8220;. Wir freuen uns auf Zuwachs!<\/p>\n\n\n\n<p>Den Auftakt des Auftritts des aktiven Orchesters mit rund 60 Musikerinnen und Musikern bildete das St\u00fcck \u201ePacific Dreams\u201c von Jacob de Haan aus dem Jahr 1999. Es erz\u00e4hlt von einem spanischen Komponisten in Sydney, der von einem Gem\u00e4lde inspiriert wird, das eine exotische Pazifikinsel zeigt. So entstand die Musik als Mischung aus st\u00e4dtischen Eindr\u00fccken Sydneys und der Sehnsucht nach dem Pazifik mit Einfl\u00fcssen aus asiatischen und polynesischen Kulturen.<\/p>\n\n\n\n<figure class=\"wp-block-image size-large\"><a href=\"https:\/\/mv-gechingen.de\/wordpress_01\/wp-content\/uploads\/2024\/12\/aktivesOrchester1-1-scaled.jpg\"><img loading=\"lazy\" decoding=\"async\" width=\"1024\" height=\"768\" src=\"https:\/\/mv-gechingen.de\/wordpress_01\/wp-content\/uploads\/2024\/12\/aktivesOrchester1-1-1024x768.jpg\" alt=\"\" class=\"wp-image-2705\" srcset=\"https:\/\/mv-gechingen.de\/wordpress_01\/wp-content\/uploads\/2024\/12\/aktivesOrchester1-1-1024x768.jpg 1024w, https:\/\/mv-gechingen.de\/wordpress_01\/wp-content\/uploads\/2024\/12\/aktivesOrchester1-1-300x225.jpg 300w, https:\/\/mv-gechingen.de\/wordpress_01\/wp-content\/uploads\/2024\/12\/aktivesOrchester1-1-768x576.jpg 768w, https:\/\/mv-gechingen.de\/wordpress_01\/wp-content\/uploads\/2024\/12\/aktivesOrchester1-1-1536x1152.jpg 1536w, https:\/\/mv-gechingen.de\/wordpress_01\/wp-content\/uploads\/2024\/12\/aktivesOrchester1-1-2048x1536.jpg 2048w, https:\/\/mv-gechingen.de\/wordpress_01\/wp-content\/uploads\/2024\/12\/aktivesOrchester1-1-400x300.jpg 400w\" sizes=\"(max-width: 1024px) 100vw, 1024px\" \/><\/a><\/figure>\n\n\n\n<p>Es folgten vier Lieder aus dem Musical \u201eMozart!\u201c \u00fcber das aufregende sowie tragische Leben von Wolfgang Amadeus Mozart (arrangiert von Wolfgang W\u00f6ssner). Ein besonderes Highlight des Abends war zweifellos das St\u00fcck &#8222;Sons of the Midnight Sun&#8220;, bei welchem wir Musikerinnen und Musiker unser Publikum nicht nur musikalisch an den Instrumenten, sondern auch durch Gesang beeindruckten. Die Komposition vom finnischen Komponisten Timo Forsstr\u00f6m zeichnet sich durch ihren nordischen Charakter aus und spiegelt die Landschaften und die Kultur Skandinaviens musikalisch wider.<\/p>\n\n\n\n<p>Die Zuh\u00f6rer g\u00f6nnten sich nach dieser beeindruckenden Darbietung eine kurze Pause, in der sie sich an selbstgemachten H\u00e4ppchen erfreuten, die passend zu den vorherigen Musikst\u00fccken ausgew\u00e4hlt wurden.<\/p>\n\n\n\n<p>Der zweite Teil des Konzerts er\u00f6ffnete mit der ruhigen Komposition \u201eTrag mi, Wind\u201c, deren Melodie trostvolle und herzzerrei\u00dfende Emotionen verbindet. Nach den ruhigen Windger\u00e4uschen und meditativen Kl\u00e4ngen folgte das mystische St\u00fcck &#8222;Goddess of fire&#8220; von Steven Reineke. Das Werk ist inspiriert von Pele, der hawaiianischen G\u00f6ttin der Vulkane. Die Komposition erz\u00e4hlt von ihrer Macht, die sowohl sch\u00f6pferisch als auch zerst\u00f6rerisch ist.<\/p>\n\n\n\n<p>Nach dem musikalischen Vulkanausbruch brachte der Musikverein die kraftvolle Ballade &#8222;The Story&#8220; zum Besten, arrangiert von Martin Scharnagl. Den Abschluss des Abends bildete der Konzertmarsch \u201eOpening\u201c. Moderatorin des Konzertabends Anika Hintzenstern f\u00fchrte das Publikum wie bereits im letzten Jahr souver\u00e4n und sympathisch durch den Konzertabend. In ihren Vorbereitungen fragte sie den Dirigenten Stefan Schneider, warum er einen Er\u00f6ffnungsmarsch als letztes St\u00fcck ausw\u00e4hlte. Stefan Schneider antworte dann verschmitzt: \u201eEinen Er\u00f6ffnungsmarsch zu Beginn spielen \u2013 das kann ja jeder.\u201c<\/p>\n\n\n\n<p>Das Publikum war begeistert, der Musikverein Gechingen erntete einen wohlverdienten gro\u00dfen Applaus f\u00fcr das beeindruckende Konzert. Es wurden noch die zwei Zugaben \u201eBack on track\u201c und das majest\u00e4tische Weihnachtslied \u201eOh holy night\u201c zum Besten gegeben.<\/p>\n\n\n\n<figure class=\"wp-block-image size-large\"><a href=\"https:\/\/mv-gechingen.de\/wordpress_01\/wp-content\/uploads\/2024\/12\/aktives-Orchester_2-scaled.jpg\"><img loading=\"lazy\" decoding=\"async\" width=\"1024\" height=\"683\" src=\"https:\/\/mv-gechingen.de\/wordpress_01\/wp-content\/uploads\/2024\/12\/aktives-Orchester_2-1024x683.jpg\" alt=\"\" class=\"wp-image-2704\" srcset=\"https:\/\/mv-gechingen.de\/wordpress_01\/wp-content\/uploads\/2024\/12\/aktives-Orchester_2-1024x683.jpg 1024w, https:\/\/mv-gechingen.de\/wordpress_01\/wp-content\/uploads\/2024\/12\/aktives-Orchester_2-300x200.jpg 300w, https:\/\/mv-gechingen.de\/wordpress_01\/wp-content\/uploads\/2024\/12\/aktives-Orchester_2-768x512.jpg 768w, https:\/\/mv-gechingen.de\/wordpress_01\/wp-content\/uploads\/2024\/12\/aktives-Orchester_2-1536x1024.jpg 1536w, https:\/\/mv-gechingen.de\/wordpress_01\/wp-content\/uploads\/2024\/12\/aktives-Orchester_2-2048x1366.jpg 2048w, https:\/\/mv-gechingen.de\/wordpress_01\/wp-content\/uploads\/2024\/12\/aktives-Orchester_2-450x300.jpg 450w\" sizes=\"(max-width: 1024px) 100vw, 1024px\" \/><\/a><\/figure>\n\n\n\n<p>Unser Dirigent, Stefan Schneider, feierte in diesem Jahr ein ganz besonderes Jubil\u00e4um: Vor 10 Jahren trat er die Nachfolge von Daniel Heldmayer an und \u00fcbernahm den Dirigentenstab. In diesen zehn Jahren hat er mit Leidenschaft, Hingabe und einem unglaublichen Engagement unseren Verein musikalisch gepr\u00e4gt. Im Namen des gesamten Vereins dr\u00fcckte unser erster Vorsitzender, Frank Talmon l\u2018Arm\u00e9e, seine Dankbarkeit aus und \u00fcberreichte ihm feierlich ein Geschenk \u2013 eine Sammlung vieler Fotos, die die vergangenen Jahre und die besonderen Momente mit Stefan als Dirigenten widerspiegeln.<\/p>\n\n\n\n<figure class=\"wp-block-image size-large\"><a href=\"https:\/\/mv-gechingen.de\/wordpress_01\/wp-content\/uploads\/2024\/12\/Geschenkuebergabe-scaled.jpg\"><img loading=\"lazy\" decoding=\"async\" width=\"768\" height=\"1024\" src=\"https:\/\/mv-gechingen.de\/wordpress_01\/wp-content\/uploads\/2024\/12\/Geschenkuebergabe-768x1024.jpg\" alt=\"\" class=\"wp-image-2708\" srcset=\"https:\/\/mv-gechingen.de\/wordpress_01\/wp-content\/uploads\/2024\/12\/Geschenkuebergabe-768x1024.jpg 768w, https:\/\/mv-gechingen.de\/wordpress_01\/wp-content\/uploads\/2024\/12\/Geschenkuebergabe-225x300.jpg 225w, https:\/\/mv-gechingen.de\/wordpress_01\/wp-content\/uploads\/2024\/12\/Geschenkuebergabe-1152x1536.jpg 1152w, https:\/\/mv-gechingen.de\/wordpress_01\/wp-content\/uploads\/2024\/12\/Geschenkuebergabe-1536x2048.jpg 1536w, https:\/\/mv-gechingen.de\/wordpress_01\/wp-content\/uploads\/2024\/12\/Geschenkuebergabe-scaled.jpg 1920w\" sizes=\"(max-width: 768px) 100vw, 768px\" \/><\/a><\/figure>\n\n\n\n<p>Frank Talmon l\u2019Arm\u00e9e bedankte sich ebenfalls herzlich beim Publikum f\u00fcr die Unterst\u00fctzung und den Applaus. \u00dcber die vielen positiven R\u00fcckmeldungen haben wir uns sehr gefreut!<\/p>\n\n\n\n<p>Wir w\u00fcnschen allen ein frohes Weihnachtsfest, besinnliche Feiertage und einen guten Start ins neue Jahr.<\/p>\n","protected":false},"excerpt":{"rendered":"<p>Am vergangenen Samstagabend verwandelte der Musikverein Gechingen die Gemeindehalle in einen musikalischen H\u00f6hepunkt. Unter der Leitung von Dirigent Stefan Schneider pr\u00e4sentierte das Orchester ein abwechslungsreiches Programm, das das Publikum begeisterte. Den Anfang des Konzertprogramms gestalteten unsere Nachwuchsmusiker. Los ging es &hellip; <a href=\"https:\/\/mv-gechingen.de\/?p=2702\">Weiterlesen <span class=\"meta-nav\">&rarr;<\/span><\/a><\/p>\n","protected":false},"author":3,"featured_media":2724,"comment_status":"closed","ping_status":"closed","sticky":false,"template":"","format":"standard","meta":{"footnotes":""},"categories":[1],"tags":[],"_links":{"self":[{"href":"https:\/\/mv-gechingen.de\/index.php?rest_route=\/wp\/v2\/posts\/2702"}],"collection":[{"href":"https:\/\/mv-gechingen.de\/index.php?rest_route=\/wp\/v2\/posts"}],"about":[{"href":"https:\/\/mv-gechingen.de\/index.php?rest_route=\/wp\/v2\/types\/post"}],"author":[{"embeddable":true,"href":"https:\/\/mv-gechingen.de\/index.php?rest_route=\/wp\/v2\/users\/3"}],"replies":[{"embeddable":true,"href":"https:\/\/mv-gechingen.de\/index.php?rest_route=%2Fwp%2Fv2%2Fcomments&post=2702"}],"version-history":[{"count":1,"href":"https:\/\/mv-gechingen.de\/index.php?rest_route=\/wp\/v2\/posts\/2702\/revisions"}],"predecessor-version":[{"id":2709,"href":"https:\/\/mv-gechingen.de\/index.php?rest_route=\/wp\/v2\/posts\/2702\/revisions\/2709"}],"wp:featuredmedia":[{"embeddable":true,"href":"https:\/\/mv-gechingen.de\/index.php?rest_route=\/wp\/v2\/media\/2724"}],"wp:attachment":[{"href":"https:\/\/mv-gechingen.de\/index.php?rest_route=%2Fwp%2Fv2%2Fmedia&parent=2702"}],"wp:term":[{"taxonomy":"category","embeddable":true,"href":"https:\/\/mv-gechingen.de\/index.php?rest_route=%2Fwp%2Fv2%2Fcategories&post=2702"},{"taxonomy":"post_tag","embeddable":true,"href":"https:\/\/mv-gechingen.de\/index.php?rest_route=%2Fwp%2Fv2%2Ftags&post=2702"}],"curies":[{"name":"wp","href":"https:\/\/api.w.org\/{rel}","templated":true}]}}