{"id":2712,"date":"2024-12-09T16:45:36","date_gmt":"2024-12-09T15:45:36","guid":{"rendered":"https:\/\/mv-gechingen.de\/?p=2712"},"modified":"2024-12-10T20:51:17","modified_gmt":"2024-12-10T19:51:17","slug":"rueckblick-gechinger-weihnachtsmarkt","status":"publish","type":"post","link":"https:\/\/mv-gechingen.de\/?p=2712","title":{"rendered":"R\u00fcckblick Gechinger Weihnachtsmarkt"},"content":{"rendered":"\n<p>Am zweiten Advent fand der Gechinger Weihnachtsmarkt statt. Wie gewohnt spielten wir gegen Abend in kleiner Besetzung einige Weihnachtslieder auf der B\u00fchne in der Ortsmitte. Wie auch bereits im letzten Jahr boten wir den zahlreichen Besucher des Weihnachtsmarkts den ganzen Tag an unserem Stand leckeren \u201eHot Music Shot\u201c an. Der \u201eMusic Shot\u201c ist ein Apfellik\u00f6r auf Whiskeybasis, welcher in kreativer Zusammenarbeit unseres F\u00f6rdervereins mit der Heckeng\u00e4u-Brennerei kreiert wurde. Auf dem Weihnachtsmarkt konnte der Lik\u00f6r an unserem Stand hei\u00df und mit feiner Sahnehaube versehen verkostet werden. Zum ersten Mal waren wir auf dem Weihnachtsmarkt auch mit unserem mobilen Ofen mit hei\u00dfem Raclette-Brot im Angebot vertreten.<\/p>\n\n\n\n<p>Ein gro\u00dfes Dankesch\u00f6n an unseren Michel und unseren Axel f\u00fcr die tolle Organisation!<strong><\/strong><\/p>\n\n\n\n<p>Und wir danken nat\u00fcrlich allen Besuchern und w\u00fcnschen ein frohes Weihnachtsfest, besinnliche Feiertage und einen guten Start ins neue Jahr.<\/p>\n\n\n\n<figure class=\"wp-block-image size-large\"><a href=\"https:\/\/mv-gechingen.de\/wordpress_01\/wp-content\/uploads\/2024\/12\/Weihnachtsmarkt-1-scaled.jpg\"><img loading=\"lazy\" decoding=\"async\" width=\"1024\" height=\"768\" src=\"https:\/\/mv-gechingen.de\/wordpress_01\/wp-content\/uploads\/2024\/12\/Weihnachtsmarkt-1-1024x768.jpg\" alt=\"\" class=\"wp-image-2715\" srcset=\"https:\/\/mv-gechingen.de\/wordpress_01\/wp-content\/uploads\/2024\/12\/Weihnachtsmarkt-1-1024x768.jpg 1024w, https:\/\/mv-gechingen.de\/wordpress_01\/wp-content\/uploads\/2024\/12\/Weihnachtsmarkt-1-300x225.jpg 300w, https:\/\/mv-gechingen.de\/wordpress_01\/wp-content\/uploads\/2024\/12\/Weihnachtsmarkt-1-768x576.jpg 768w, https:\/\/mv-gechingen.de\/wordpress_01\/wp-content\/uploads\/2024\/12\/Weihnachtsmarkt-1-1536x1152.jpg 1536w, https:\/\/mv-gechingen.de\/wordpress_01\/wp-content\/uploads\/2024\/12\/Weihnachtsmarkt-1-2048x1536.jpg 2048w, https:\/\/mv-gechingen.de\/wordpress_01\/wp-content\/uploads\/2024\/12\/Weihnachtsmarkt-1-400x300.jpg 400w\" sizes=\"(max-width: 1024px) 100vw, 1024px\" \/><\/a><\/figure>\n\n\n\n<figure class=\"wp-block-image size-large\"><a href=\"https:\/\/mv-gechingen.de\/wordpress_01\/wp-content\/uploads\/2024\/12\/IMG_9155-scaled.jpg\"><img loading=\"lazy\" decoding=\"async\" width=\"1024\" height=\"768\" src=\"https:\/\/mv-gechingen.de\/wordpress_01\/wp-content\/uploads\/2024\/12\/IMG_9155-1024x768.jpg\" alt=\"\" class=\"wp-image-2718\" srcset=\"https:\/\/mv-gechingen.de\/wordpress_01\/wp-content\/uploads\/2024\/12\/IMG_9155-1024x768.jpg 1024w, https:\/\/mv-gechingen.de\/wordpress_01\/wp-content\/uploads\/2024\/12\/IMG_9155-300x225.jpg 300w, https:\/\/mv-gechingen.de\/wordpress_01\/wp-content\/uploads\/2024\/12\/IMG_9155-768x576.jpg 768w, https:\/\/mv-gechingen.de\/wordpress_01\/wp-content\/uploads\/2024\/12\/IMG_9155-1536x1152.jpg 1536w, https:\/\/mv-gechingen.de\/wordpress_01\/wp-content\/uploads\/2024\/12\/IMG_9155-2048x1536.jpg 2048w, https:\/\/mv-gechingen.de\/wordpress_01\/wp-content\/uploads\/2024\/12\/IMG_9155-400x300.jpg 400w\" sizes=\"(max-width: 1024px) 100vw, 1024px\" \/><\/a><\/figure>\n\n\n\n<figure class=\"wp-block-image size-large\"><a href=\"https:\/\/mv-gechingen.de\/wordpress_01\/wp-content\/uploads\/2024\/12\/IMG_9141-scaled.jpg\"><img loading=\"lazy\" decoding=\"async\" width=\"1024\" height=\"768\" src=\"https:\/\/mv-gechingen.de\/wordpress_01\/wp-content\/uploads\/2024\/12\/IMG_9141-1024x768.jpg\" alt=\"\" class=\"wp-image-2717\" srcset=\"https:\/\/mv-gechingen.de\/wordpress_01\/wp-content\/uploads\/2024\/12\/IMG_9141-1024x768.jpg 1024w, https:\/\/mv-gechingen.de\/wordpress_01\/wp-content\/uploads\/2024\/12\/IMG_9141-300x225.jpg 300w, https:\/\/mv-gechingen.de\/wordpress_01\/wp-content\/uploads\/2024\/12\/IMG_9141-768x576.jpg 768w, https:\/\/mv-gechingen.de\/wordpress_01\/wp-content\/uploads\/2024\/12\/IMG_9141-1536x1152.jpg 1536w, https:\/\/mv-gechingen.de\/wordpress_01\/wp-content\/uploads\/2024\/12\/IMG_9141-2048x1536.jpg 2048w, https:\/\/mv-gechingen.de\/wordpress_01\/wp-content\/uploads\/2024\/12\/IMG_9141-400x300.jpg 400w\" sizes=\"(max-width: 1024px) 100vw, 1024px\" \/><\/a><\/figure>\n\n\n\n<figure class=\"wp-block-image size-large is-resized\"><a href=\"https:\/\/mv-gechingen.de\/wordpress_01\/wp-content\/uploads\/2024\/12\/IMG_9161-scaled.jpg\"><img loading=\"lazy\" decoding=\"async\" width=\"768\" height=\"1024\" src=\"https:\/\/mv-gechingen.de\/wordpress_01\/wp-content\/uploads\/2024\/12\/IMG_9161-768x1024.jpg\" alt=\"\" class=\"wp-image-2716\" style=\"width:611px;height:auto\" srcset=\"https:\/\/mv-gechingen.de\/wordpress_01\/wp-content\/uploads\/2024\/12\/IMG_9161-768x1024.jpg 768w, https:\/\/mv-gechingen.de\/wordpress_01\/wp-content\/uploads\/2024\/12\/IMG_9161-225x300.jpg 225w, https:\/\/mv-gechingen.de\/wordpress_01\/wp-content\/uploads\/2024\/12\/IMG_9161-1152x1536.jpg 1152w, https:\/\/mv-gechingen.de\/wordpress_01\/wp-content\/uploads\/2024\/12\/IMG_9161-1536x2048.jpg 1536w, https:\/\/mv-gechingen.de\/wordpress_01\/wp-content\/uploads\/2024\/12\/IMG_9161-scaled.jpg 1920w\" sizes=\"(max-width: 768px) 100vw, 768px\" \/><\/a><\/figure>\n\n\n\n<figure class=\"wp-block-image size-large\"><a href=\"https:\/\/mv-gechingen.de\/wordpress_01\/wp-content\/uploads\/2024\/12\/Stand.jpg\"><img loading=\"lazy\" decoding=\"async\" width=\"768\" height=\"1024\" src=\"https:\/\/mv-gechingen.de\/wordpress_01\/wp-content\/uploads\/2024\/12\/Stand-768x1024.jpg\" alt=\"\" class=\"wp-image-2714\" srcset=\"https:\/\/mv-gechingen.de\/wordpress_01\/wp-content\/uploads\/2024\/12\/Stand-768x1024.jpg 768w, https:\/\/mv-gechingen.de\/wordpress_01\/wp-content\/uploads\/2024\/12\/Stand-225x300.jpg 225w, https:\/\/mv-gechingen.de\/wordpress_01\/wp-content\/uploads\/2024\/12\/Stand.jpg 900w\" sizes=\"(max-width: 768px) 100vw, 768px\" \/><\/a><\/figure>\n","protected":false},"excerpt":{"rendered":"<p>Am zweiten Advent fand der Gechinger Weihnachtsmarkt statt. Wie gewohnt spielten wir gegen Abend in kleiner Besetzung einige Weihnachtslieder auf der B\u00fchne in der Ortsmitte. Wie auch bereits im letzten Jahr boten wir den zahlreichen Besucher des Weihnachtsmarkts den ganzen &hellip; <a href=\"https:\/\/mv-gechingen.de\/?p=2712\">Weiterlesen <span class=\"meta-nav\">&rarr;<\/span><\/a><\/p>\n","protected":false},"author":3,"featured_media":2718,"comment_status":"closed","ping_status":"closed","sticky":false,"template":"","format":"standard","meta":{"footnotes":""},"categories":[1],"tags":[],"_links":{"self":[{"href":"https:\/\/mv-gechingen.de\/index.php?rest_route=\/wp\/v2\/posts\/2712"}],"collection":[{"href":"https:\/\/mv-gechingen.de\/index.php?rest_route=\/wp\/v2\/posts"}],"about":[{"href":"https:\/\/mv-gechingen.de\/index.php?rest_route=\/wp\/v2\/types\/post"}],"author":[{"embeddable":true,"href":"https:\/\/mv-gechingen.de\/index.php?rest_route=\/wp\/v2\/users\/3"}],"replies":[{"embeddable":true,"href":"https:\/\/mv-gechingen.de\/index.php?rest_route=%2Fwp%2Fv2%2Fcomments&post=2712"}],"version-history":[{"count":1,"href":"https:\/\/mv-gechingen.de\/index.php?rest_route=\/wp\/v2\/posts\/2712\/revisions"}],"predecessor-version":[{"id":2719,"href":"https:\/\/mv-gechingen.de\/index.php?rest_route=\/wp\/v2\/posts\/2712\/revisions\/2719"}],"wp:featuredmedia":[{"embeddable":true,"href":"https:\/\/mv-gechingen.de\/index.php?rest_route=\/wp\/v2\/media\/2718"}],"wp:attachment":[{"href":"https:\/\/mv-gechingen.de\/index.php?rest_route=%2Fwp%2Fv2%2Fmedia&parent=2712"}],"wp:term":[{"taxonomy":"category","embeddable":true,"href":"https:\/\/mv-gechingen.de\/index.php?rest_route=%2Fwp%2Fv2%2Fcategories&post=2712"},{"taxonomy":"post_tag","embeddable":true,"href":"https:\/\/mv-gechingen.de\/index.php?rest_route=%2Fwp%2Fv2%2Ftags&post=2712"}],"curies":[{"name":"wp","href":"https:\/\/api.w.org\/{rel}","templated":true}]}}