{"id":2727,"date":"2025-01-26T21:41:01","date_gmt":"2025-01-26T20:41:01","guid":{"rendered":"https:\/\/mv-gechingen.de\/?p=2727"},"modified":"2025-03-08T10:24:20","modified_gmt":"2025-03-08T09:24:20","slug":"rueckblick-hauptversammlung-25-01-2025","status":"publish","type":"post","link":"https:\/\/mv-gechingen.de\/?p=2727","title":{"rendered":"R\u00fcckblick Hauptversammlung 25.01.2025"},"content":{"rendered":"\n<p>Die Musikerinnen und Musiker er\u00f6ffneten musikalisch die Versammlung mit dem Konzertmarsch \u201eOpening\u201c. <\/p>\n\n\n\n<figure class=\"wp-block-image size-large\"><a href=\"https:\/\/mv-gechingen.de\/wordpress_01\/wp-content\/uploads\/2025\/01\/Hauptversammlung-scaled.jpg\"><img loading=\"lazy\" decoding=\"async\" width=\"1024\" height=\"768\" src=\"https:\/\/mv-gechingen.de\/wordpress_01\/wp-content\/uploads\/2025\/01\/Hauptversammlung-1024x768.jpg\" alt=\"\" class=\"wp-image-2728\" srcset=\"https:\/\/mv-gechingen.de\/wordpress_01\/wp-content\/uploads\/2025\/01\/Hauptversammlung-1024x768.jpg 1024w, https:\/\/mv-gechingen.de\/wordpress_01\/wp-content\/uploads\/2025\/01\/Hauptversammlung-300x225.jpg 300w, https:\/\/mv-gechingen.de\/wordpress_01\/wp-content\/uploads\/2025\/01\/Hauptversammlung-768x576.jpg 768w, https:\/\/mv-gechingen.de\/wordpress_01\/wp-content\/uploads\/2025\/01\/Hauptversammlung-1536x1152.jpg 1536w, https:\/\/mv-gechingen.de\/wordpress_01\/wp-content\/uploads\/2025\/01\/Hauptversammlung-2048x1536.jpg 2048w, https:\/\/mv-gechingen.de\/wordpress_01\/wp-content\/uploads\/2025\/01\/Hauptversammlung-400x300.jpg 400w\" sizes=\"(max-width: 1024px) 100vw, 1024px\" \/><\/a><\/figure>\n\n\n\n<p>Anschlie\u00dfend begr\u00fc\u00dfte der Vorsitzende Frank Talmon l\u2018Arm\u00e9e alle Anwesenden. Mit dem St\u00fcck \u201eIch hatte einen Kameraden\u201c wurde den im letzten Jahr verstorbenen Mitgliedern gedacht.<\/p>\n\n\n\n<p>In seinem Bericht blickte Frank Talmon l\u2018Arm\u00e9e auf ein abwechslungsreiches und arbeitsintensives Vereinsjahr 2024 zur\u00fcck. Die Vereinsstatistik zeigt, dass der Musikverein Gechingen mit seinen 159 Mitgliedern (davon 97 aktiv am Instrument im Gesamtorchester oder in der Musikerjugend) nach wie vor als starker und zukunftsf\u00e4higer Verein dasteht. \u201eEin Altersdurchschnitt von 30 Jahren beweist die gute und funktionierende Jugendarbeit, die f\u00fcr die Zukunftsf\u00e4higkeit unseres Vereins nicht wegzudenken und von unsch\u00e4tzbarem Wert ist.\u201c, so Frank Talmon l\u2018Arm\u00e9e. Er bedankte sich bei allen Anwesenden f\u00fcr die tatkr\u00e4ftige Unterst\u00fctzung bei der Aus\u00fcbung seines Amtes. Er freut sich auf ein erfolgreiches Vereinsjahr 2025, das bereits mit zahlreichen Vereinsaktivit\u00e4ten gef\u00fcllt ist.<\/p>\n\n\n\n<figure class=\"wp-block-image size-large\"><a href=\"https:\/\/mv-gechingen.de\/wordpress_01\/wp-content\/uploads\/2025\/01\/IMG-20250126-WA0055-scaled.jpg\"><img loading=\"lazy\" decoding=\"async\" width=\"1024\" height=\"768\" src=\"https:\/\/mv-gechingen.de\/wordpress_01\/wp-content\/uploads\/2025\/01\/IMG-20250126-WA0055-1024x768.jpg\" alt=\"\" class=\"wp-image-2732\" srcset=\"https:\/\/mv-gechingen.de\/wordpress_01\/wp-content\/uploads\/2025\/01\/IMG-20250126-WA0055-1024x768.jpg 1024w, https:\/\/mv-gechingen.de\/wordpress_01\/wp-content\/uploads\/2025\/01\/IMG-20250126-WA0055-300x225.jpg 300w, https:\/\/mv-gechingen.de\/wordpress_01\/wp-content\/uploads\/2025\/01\/IMG-20250126-WA0055-768x576.jpg 768w, https:\/\/mv-gechingen.de\/wordpress_01\/wp-content\/uploads\/2025\/01\/IMG-20250126-WA0055-1536x1152.jpg 1536w, https:\/\/mv-gechingen.de\/wordpress_01\/wp-content\/uploads\/2025\/01\/IMG-20250126-WA0055-2048x1536.jpg 2048w, https:\/\/mv-gechingen.de\/wordpress_01\/wp-content\/uploads\/2025\/01\/IMG-20250126-WA0055-400x300.jpg 400w\" sizes=\"(max-width: 1024px) 100vw, 1024px\" \/><\/a><\/figure>\n\n\n\n<p>Im Anschluss folgte der Bericht der Schriftf\u00fchrerin Kristina Wei\u00df \u00fcber die musikalischen und freizeitlichen Aktivit\u00e4ten im vergangenen Jahr. Hervorzuheben ist die gro\u00dfartige Modern Music Show im Mai. Das Publikum konnte an drei ausverkauften Konzertabenden voller mitrei\u00dfender Hits aus modernen Musikgenres wie Rock und Pop sowie Melodien aus Musicals und Filmen begeistert werden. Im Juli wurde das traditionelle Gechinger Stra\u00dfenfest in der Brunnenstra\u00dfe veranstaltet und war wie gewohnt ein gro\u00dfer Erfolg. Ende September unternahmen die Musikerinnen und Musiker einen eint\u00e4gigen Vereinsausflug an den Bodensee. Der letzte Termin im musikalischen Kalender war das gemeinsame Jahreskonzert mit der eigenen Musikerjugend.<\/p>\n\n\n\n<p>Kassenverwalter Andr\u00e9 Talmon L\u2019Arm\u00e9e hielt seinen Bericht \u00fcber die finanzielle Situation des Vereins ab. Durch die erfolgreichen Veranstaltungen konnte sich der Verein ein gutes finanzielles Polster f\u00fcr die Vereinsarbeit aufbauen und die Vereinskasse mit positivem Endbestand schlie\u00dfen.<\/p>\n\n\n\n<p>Die beiden Kassenpr\u00fcfer Michael D\u00fcrr und Matthias Br\u00e4uhauser hatten bei der Kassenpr\u00fcfung keinerlei Unstimmigkeiten festgestellt. Sie bescheinigten eine einwandfreie und saubere Kassenf\u00fchrung und empfahlen der Versammlung die Entlastung des Kassenverwalters.<\/p>\n\n\n\n<p>Dirigent Stefan Schneider begann seinen Jahresbericht mit einem neuen Rekord: die \u00fcblicherweise rund 70 Termine eines musikalischen Jahres wurden 2024 \u00fcberschritten und lagen bei insgesamt 76 Terminen, davon 53 Proben. Er bedankte sich f\u00fcr das gro\u00dfe Engagement, insbesondere in der ersten Jahresh\u00e4lfte, die sehr geballt war. Er lobte die gelungene \u00dcbernahme aller Jugendlichen aus der Jugendkapelle ins aktive Orchester zur zweiten Jahresh\u00e4lfte und gratulierte den Jungmusikern zu den erfolgreichen Teilnahmen an den D-Lehrg\u00e4ngen. Stefan Schneider bedankte sich bei der Jugendleitung und bei der gesamten Vorstandschaft f\u00fcr die gute, verl\u00e4ssliche und zielf\u00fchrende Zusammenarbeit.<\/p>\n\n\n\n<p>Die Jugendvertreterin Clara Schilling blickte in ihrem Bericht auf ein tolles Jahr der Musikerjugend mit gelungenen Auftritten bei der Maihocketse in Gechingen, beim Gechinger Stra\u00dfenfest und beim Jahreskonzert zur\u00fcck. Neben den musikalischen Aktivit\u00e4ten kam auch der Spa\u00df nicht zu kurz: Im Juni unternahmen die Jugendgruppe und -kapelle einen gemeinsamen Ausflug in den Erlebnispark Tripsdrill. Sie bedankte sich beim Jugenddirigent Stefan Schneider und bei allen Jugendausbildern an den Instrumenten f\u00fcr die gute Zusammenarbeit.<\/p>\n\n\n\n<p>Die Entlastung der Vorstandschaft durch die Mitgliederversammlung nahm die Vertreterin des Gemeinderats Marina Esslinger vor. Die Entlastung wurde einstimmig durch die Anwesenden der Versammlung erteilt. Sie lobte das ehrenamtliche Engagement und die ausgezeichnete F\u00f6rderung der Jugend durch Musikunterricht, Jugendgruppe, Jugendkapelle und Bl\u00e4serklasse. \u201eDer Musikverein Gechingen ist \u00fcber die Ortsgrenze bekannt f\u00fcr herausragende, musikalische Qualit\u00e4t und ein intaktes Vereinsleben.\u201c, so Marina Esslinger.<\/p>\n\n\n\n<p>Die Ehrungen f\u00fcr langj\u00e4hrige aktive Mitgliedschaft im Verein wurden von J\u00fcrgen Bernhard als Vertreter des Kreisverbandes durchgef\u00fchrt. F\u00fcr 10 Jahre aktive Mitgliedschaft wurden Jana Br\u00e4uhauser und Marco Strohm, f\u00fcr 30 Jahre Tina \u00d6ffinger und f\u00fcr sehr beeindruckende 60 Jahre aktive Mitgliedschaft wurde Karl-Heinz Schaible geehrt. Er erhielt die Ehrennadel in Platin mit Diamant. Karl-Heinz Schaible ist im Musikverein am Tenor-Saxophon und an der Klarinette aktiv. Vorsitzender Frank Talmon l\u2019Arm\u00e9e gratulierte ihm und w\u00fcrdigte sein herausragendes, jahrzehntelanges ehrenamtliches Engagement.<\/p>\n\n\n\n<figure class=\"wp-block-image size-large\"><a href=\"https:\/\/mv-gechingen.de\/wordpress_01\/wp-content\/uploads\/2025\/01\/Ehrung2-scaled.jpg\"><img loading=\"lazy\" decoding=\"async\" width=\"1024\" height=\"768\" src=\"https:\/\/mv-gechingen.de\/wordpress_01\/wp-content\/uploads\/2025\/01\/Ehrung2-1024x768.jpg\" alt=\"\" class=\"wp-image-2731\" srcset=\"https:\/\/mv-gechingen.de\/wordpress_01\/wp-content\/uploads\/2025\/01\/Ehrung2-1024x768.jpg 1024w, https:\/\/mv-gechingen.de\/wordpress_01\/wp-content\/uploads\/2025\/01\/Ehrung2-300x225.jpg 300w, https:\/\/mv-gechingen.de\/wordpress_01\/wp-content\/uploads\/2025\/01\/Ehrung2-768x576.jpg 768w, https:\/\/mv-gechingen.de\/wordpress_01\/wp-content\/uploads\/2025\/01\/Ehrung2-1536x1152.jpg 1536w, https:\/\/mv-gechingen.de\/wordpress_01\/wp-content\/uploads\/2025\/01\/Ehrung2-2048x1536.jpg 2048w, https:\/\/mv-gechingen.de\/wordpress_01\/wp-content\/uploads\/2025\/01\/Ehrung2-400x300.jpg 400w\" sizes=\"(max-width: 1024px) 100vw, 1024px\" \/><\/a><\/figure>\n\n\n\n<figure class=\"wp-block-image size-large\"><a href=\"https:\/\/mv-gechingen.de\/wordpress_01\/wp-content\/uploads\/2025\/01\/Ehrung-scaled.jpg\"><img loading=\"lazy\" decoding=\"async\" width=\"1024\" height=\"768\" src=\"https:\/\/mv-gechingen.de\/wordpress_01\/wp-content\/uploads\/2025\/01\/Ehrung-1024x768.jpg\" alt=\"\" class=\"wp-image-2729\" srcset=\"https:\/\/mv-gechingen.de\/wordpress_01\/wp-content\/uploads\/2025\/01\/Ehrung-1024x768.jpg 1024w, https:\/\/mv-gechingen.de\/wordpress_01\/wp-content\/uploads\/2025\/01\/Ehrung-300x225.jpg 300w, https:\/\/mv-gechingen.de\/wordpress_01\/wp-content\/uploads\/2025\/01\/Ehrung-768x576.jpg 768w, https:\/\/mv-gechingen.de\/wordpress_01\/wp-content\/uploads\/2025\/01\/Ehrung-1536x1152.jpg 1536w, https:\/\/mv-gechingen.de\/wordpress_01\/wp-content\/uploads\/2025\/01\/Ehrung-2048x1536.jpg 2048w, https:\/\/mv-gechingen.de\/wordpress_01\/wp-content\/uploads\/2025\/01\/Ehrung-400x300.jpg 400w\" sizes=\"(max-width: 1024px) 100vw, 1024px\" \/><\/a><\/figure>\n\n\n\n<p>Die Neuwahlen f\u00fcr die H\u00e4lfte der Vorstandschaft wurden durch den ehemaligen Vorsitzenden Sebastian Lutz durchgef\u00fchrt. Die in diesem Jahr zur Wahl stehenden Positionen waren: stellv. Vorsitzende\/r, Kassenverwalter\/in, Jugendleiter\/in, 2. Beisitzer\/in und 4. Beisitzer\/in. Es waren 51 Wahlberechtigte anwesend.<\/p>\n\n\n\n<p>Christin Gr\u00f6bner gab ihr Amt als Jugendleiterin auf. Als Nachfolger wurde Marvin Welte vorgeschlagen. Sina H\u00e4rdter gab ihr Amt als 2. Beisitzerin auf. Janine Heinzelmann wurde als Nachfolgerin vorgeschlagen. Beide Nachfolgekandidaten nahmen jeweils die Wahl an und wurden durch offene Wahl einstimmig zum Jugendleiter (Marvin Welte) bzw. Beisitzerin (Janine Heinzelmann) f\u00fcr zwei Jahre gew\u00e4hlt. Der stellv. Vorsitzende Marcel H\u00e4rdter, Kassenverwalter Andr\u00e9 Talmon l\u2019Arm\u00e9e und 4. Beisitzerin Sofia Kempf waren alle bereit, ihr Amt weiter zu f\u00fchren. Sie stellten sich jeweils zur Wahl und wurden durch offene Wahl jeweils einstimmig f\u00fcr zwei Jahre gew\u00e4hlt.<\/p>\n\n\n\n<p>Die Versammlung wurde mit den Musikst\u00fccken \u201eDa Capo\u201c und \u201eWir Musikanten\u201c um 21.45 Uhr geschlossen.<\/p>\n\n\n\n<figure class=\"wp-block-image size-large\"><a href=\"https:\/\/mv-gechingen.de\/wordpress_01\/wp-content\/uploads\/2025\/01\/Vorstandschaft-scaled.jpg\"><img loading=\"lazy\" decoding=\"async\" width=\"1024\" height=\"768\" src=\"https:\/\/mv-gechingen.de\/wordpress_01\/wp-content\/uploads\/2025\/01\/Vorstandschaft-1024x768.jpg\" alt=\"\" class=\"wp-image-2730\" srcset=\"https:\/\/mv-gechingen.de\/wordpress_01\/wp-content\/uploads\/2025\/01\/Vorstandschaft-1024x768.jpg 1024w, https:\/\/mv-gechingen.de\/wordpress_01\/wp-content\/uploads\/2025\/01\/Vorstandschaft-300x225.jpg 300w, https:\/\/mv-gechingen.de\/wordpress_01\/wp-content\/uploads\/2025\/01\/Vorstandschaft-768x576.jpg 768w, https:\/\/mv-gechingen.de\/wordpress_01\/wp-content\/uploads\/2025\/01\/Vorstandschaft-1536x1152.jpg 1536w, https:\/\/mv-gechingen.de\/wordpress_01\/wp-content\/uploads\/2025\/01\/Vorstandschaft-2048x1536.jpg 2048w, https:\/\/mv-gechingen.de\/wordpress_01\/wp-content\/uploads\/2025\/01\/Vorstandschaft-400x300.jpg 400w\" sizes=\"(max-width: 1024px) 100vw, 1024px\" \/><\/a><\/figure>\n","protected":false},"excerpt":{"rendered":"<p>Die Musikerinnen und Musiker er\u00f6ffneten musikalisch die Versammlung mit dem Konzertmarsch \u201eOpening\u201c. Anschlie\u00dfend begr\u00fc\u00dfte der Vorsitzende Frank Talmon l\u2018Arm\u00e9e alle Anwesenden. Mit dem St\u00fcck \u201eIch hatte einen Kameraden\u201c wurde den im letzten Jahr verstorbenen Mitgliedern gedacht. In seinem Bericht blickte &hellip; <a href=\"https:\/\/mv-gechingen.de\/?p=2727\">Weiterlesen <span class=\"meta-nav\">&rarr;<\/span><\/a><\/p>\n","protected":false},"author":3,"featured_media":2730,"comment_status":"closed","ping_status":"closed","sticky":false,"template":"","format":"standard","meta":{"footnotes":""},"categories":[1],"tags":[],"_links":{"self":[{"href":"https:\/\/mv-gechingen.de\/index.php?rest_route=\/wp\/v2\/posts\/2727"}],"collection":[{"href":"https:\/\/mv-gechingen.de\/index.php?rest_route=\/wp\/v2\/posts"}],"about":[{"href":"https:\/\/mv-gechingen.de\/index.php?rest_route=\/wp\/v2\/types\/post"}],"author":[{"embeddable":true,"href":"https:\/\/mv-gechingen.de\/index.php?rest_route=\/wp\/v2\/users\/3"}],"replies":[{"embeddable":true,"href":"https:\/\/mv-gechingen.de\/index.php?rest_route=%2Fwp%2Fv2%2Fcomments&post=2727"}],"version-history":[{"count":1,"href":"https:\/\/mv-gechingen.de\/index.php?rest_route=\/wp\/v2\/posts\/2727\/revisions"}],"predecessor-version":[{"id":2733,"href":"https:\/\/mv-gechingen.de\/index.php?rest_route=\/wp\/v2\/posts\/2727\/revisions\/2733"}],"wp:featuredmedia":[{"embeddable":true,"href":"https:\/\/mv-gechingen.de\/index.php?rest_route=\/wp\/v2\/media\/2730"}],"wp:attachment":[{"href":"https:\/\/mv-gechingen.de\/index.php?rest_route=%2Fwp%2Fv2%2Fmedia&parent=2727"}],"wp:term":[{"taxonomy":"category","embeddable":true,"href":"https:\/\/mv-gechingen.de\/index.php?rest_route=%2Fwp%2Fv2%2Fcategories&post=2727"},{"taxonomy":"post_tag","embeddable":true,"href":"https:\/\/mv-gechingen.de\/index.php?rest_route=%2Fwp%2Fv2%2Ftags&post=2727"}],"curies":[{"name":"wp","href":"https:\/\/api.w.org\/{rel}","templated":true}]}}