{"id":2748,"date":"2025-02-22T20:32:54","date_gmt":"2025-02-22T19:32:54","guid":{"rendered":"https:\/\/mv-gechingen.de\/?p=2748"},"modified":"2025-03-08T10:23:31","modified_gmt":"2025-03-08T09:23:31","slug":"musikverein-skiausfahrt-nach-spluegen-in-die-schweiz","status":"publish","type":"post","link":"https:\/\/mv-gechingen.de\/?p=2748","title":{"rendered":"Musikverein-Skiausfahrt nach Spl\u00fcgen in die Schweiz"},"content":{"rendered":"\n<p>Am Freitag, den 14. Februar um 15:30 Uhr trafen sich 48 schneebegeisterte Musikerinnen und Musiker, verst\u00e4rkt durch Freunde des MVG, um gemeinsam Richtung Spl\u00fcgen in die Schweiz aufzubrechen. Ein schneereiches und sonniges Wochenende erwartete uns. Schon die Busfahrt sorgte f\u00fcr beste Stimmung mit Musik, Spielen und dem ein oder anderen Lik\u00f6r. Zudem wurden die Zimmeraufteilung sowie wichtige Infos f\u00fcr das Wochenende bekannt gegeben. Zur Halbzeit legten wir eine wohlverdiente Vesperpause ein \u2013 das leckere Vesper wurde bereits am Vortag von flei\u00dfigen Helfern vorbereitet.<\/p>\n\n\n\n<figure class=\"wp-block-image size-large\"><a href=\"https:\/\/mv-gechingen.de\/wordpress_01\/wp-content\/uploads\/2025\/02\/WhatsApp-Bild-2025-02-21-um-10.55.19_8fcc04bc_.jpg\"><img loading=\"lazy\" decoding=\"async\" width=\"1024\" height=\"768\" src=\"https:\/\/mv-gechingen.de\/wordpress_01\/wp-content\/uploads\/2025\/02\/WhatsApp-Bild-2025-02-21-um-10.55.19_8fcc04bc_-1024x768.jpg\" alt=\"\" class=\"wp-image-2749\" srcset=\"https:\/\/mv-gechingen.de\/wordpress_01\/wp-content\/uploads\/2025\/02\/WhatsApp-Bild-2025-02-21-um-10.55.19_8fcc04bc_-1024x768.jpg 1024w, https:\/\/mv-gechingen.de\/wordpress_01\/wp-content\/uploads\/2025\/02\/WhatsApp-Bild-2025-02-21-um-10.55.19_8fcc04bc_-300x225.jpg 300w, https:\/\/mv-gechingen.de\/wordpress_01\/wp-content\/uploads\/2025\/02\/WhatsApp-Bild-2025-02-21-um-10.55.19_8fcc04bc_-768x576.jpg 768w, https:\/\/mv-gechingen.de\/wordpress_01\/wp-content\/uploads\/2025\/02\/WhatsApp-Bild-2025-02-21-um-10.55.19_8fcc04bc_-400x300.jpg 400w, https:\/\/mv-gechingen.de\/wordpress_01\/wp-content\/uploads\/2025\/02\/WhatsApp-Bild-2025-02-21-um-10.55.19_8fcc04bc_.jpg 1200w\" sizes=\"(max-width: 1024px) 100vw, 1024px\" \/><\/a><\/figure>\n\n\n\n<p>Gegen 21 Uhr erreichten wir Spl\u00fcgen, entluden gemeinsam den Bus und bezogen unsere Zimmer. W\u00e4hrend einige den Abend in der gem\u00fctlichen H\u00fcschera Bar ausklingen lie\u00dfen, genossen andere einen Abend- bzw. Nachtspaziergang durch die eisige Winterlandschaft.<\/p>\n\n\n\n<p>Der Samstag begann mit einem ausgiebigen Fr\u00fchst\u00fcck um 8:00 Uhr \u2013 f\u00fcr manche auch etwas sp\u00e4ter. Das traumhafte Wetter lockte uns schnell auf die Pisten. Neben Skifahren wurde auch eine Schneewanderung unternommen, Schlitten gefahren oder sich dem Langlauf gewidmet. Zur Mittagszeit trafen wir uns am Haus und st\u00e4rkten uns mit w\u00e4rmender Nudelsuppe, um die letzten Abfahrten voller Energie zu meistern. Abends genossen wir gemeinsam Penne Bolognese mit frischem Salat. Der Abwasch wurde dank guter Laune und Musik zum Gemeinschaftserlebnis. Sp\u00e4ter lie\u00dfen wir den Abend mit Gesellschaftsspielen, Gespr\u00e4chen und traditioneller Blasmusik ausklingen \u2013 dabei spielten sogar zwei unserer J\u00fcngsten flei\u00dfig mit.<\/p>\n\n\n\n<figure class=\"wp-block-image size-large\"><a href=\"https:\/\/mv-gechingen.de\/wordpress_01\/wp-content\/uploads\/2025\/02\/WhatsApp-Bild-2025-02-21-um-10.54.35_2932689f.jpg\"><img loading=\"lazy\" decoding=\"async\" width=\"1024\" height=\"768\" src=\"https:\/\/mv-gechingen.de\/wordpress_01\/wp-content\/uploads\/2025\/02\/WhatsApp-Bild-2025-02-21-um-10.54.35_2932689f-1024x768.jpg\" alt=\"\" class=\"wp-image-2750\" srcset=\"https:\/\/mv-gechingen.de\/wordpress_01\/wp-content\/uploads\/2025\/02\/WhatsApp-Bild-2025-02-21-um-10.54.35_2932689f-1024x768.jpg 1024w, https:\/\/mv-gechingen.de\/wordpress_01\/wp-content\/uploads\/2025\/02\/WhatsApp-Bild-2025-02-21-um-10.54.35_2932689f-300x225.jpg 300w, https:\/\/mv-gechingen.de\/wordpress_01\/wp-content\/uploads\/2025\/02\/WhatsApp-Bild-2025-02-21-um-10.54.35_2932689f-768x576.jpg 768w, https:\/\/mv-gechingen.de\/wordpress_01\/wp-content\/uploads\/2025\/02\/WhatsApp-Bild-2025-02-21-um-10.54.35_2932689f-400x300.jpg 400w, https:\/\/mv-gechingen.de\/wordpress_01\/wp-content\/uploads\/2025\/02\/WhatsApp-Bild-2025-02-21-um-10.54.35_2932689f.jpg 1510w\" sizes=\"(max-width: 1024px) 100vw, 1024px\" \/><\/a><\/figure>\n\n\n\n<p>Am Sonntag hie\u00df es nach dem Fr\u00fchst\u00fcck: Aufr\u00e4umen! In Teamarbeit brachten wir das Haus auf Hochglanz. Anschlie\u00dfend genossen einige noch einmal die Pisten bei bestem Wetter, w\u00e4hrend andere die Therme besuchten, Schlitten fuhren oder eine letzte Wanderung in Spl\u00fcgen machten. Vor der Heimfahrt versammelten wir uns ein letztes Mal in der H\u00fcschera Bar, wo nat\u00fcrlich Apres-Ski und gemeinsames Singen nicht fehlen durften. Um 16 Uhr verabschiedeten wir uns mit einem herzlichen \u201eCiao Amore\u201c und \u201eBis bald auf Wiedersehen\u201c von Spl\u00fcgen und machten uns auf den Heimweg.<\/p>\n\n\n\n<p>Ein herzliches Dankesch\u00f6n geht an Karin und Michael Br\u00e4uhauser f\u00fcr die wie immer tolle Organisation. Wir hatten ein wundersch\u00f6nes Wochenende und freuen uns schon jetzt auf die n\u00e4chste gemeinsame Skiausfahrt!<\/p>\n\n\n\n<figure class=\"wp-block-image size-large\"><a href=\"https:\/\/mv-gechingen.de\/wordpress_01\/wp-content\/uploads\/2025\/02\/WhatsApp-Bild-2025-02-21-um-10.57.46_cbe1a3ea.jpg\"><img loading=\"lazy\" decoding=\"async\" width=\"1024\" height=\"768\" src=\"https:\/\/mv-gechingen.de\/wordpress_01\/wp-content\/uploads\/2025\/02\/WhatsApp-Bild-2025-02-21-um-10.57.46_cbe1a3ea-1024x768.jpg\" alt=\"\" class=\"wp-image-2751\" srcset=\"https:\/\/mv-gechingen.de\/wordpress_01\/wp-content\/uploads\/2025\/02\/WhatsApp-Bild-2025-02-21-um-10.57.46_cbe1a3ea-1024x768.jpg 1024w, https:\/\/mv-gechingen.de\/wordpress_01\/wp-content\/uploads\/2025\/02\/WhatsApp-Bild-2025-02-21-um-10.57.46_cbe1a3ea-300x225.jpg 300w, https:\/\/mv-gechingen.de\/wordpress_01\/wp-content\/uploads\/2025\/02\/WhatsApp-Bild-2025-02-21-um-10.57.46_cbe1a3ea-768x576.jpg 768w, https:\/\/mv-gechingen.de\/wordpress_01\/wp-content\/uploads\/2025\/02\/WhatsApp-Bild-2025-02-21-um-10.57.46_cbe1a3ea-1536x1152.jpg 1536w, https:\/\/mv-gechingen.de\/wordpress_01\/wp-content\/uploads\/2025\/02\/WhatsApp-Bild-2025-02-21-um-10.57.46_cbe1a3ea-400x300.jpg 400w, https:\/\/mv-gechingen.de\/wordpress_01\/wp-content\/uploads\/2025\/02\/WhatsApp-Bild-2025-02-21-um-10.57.46_cbe1a3ea.jpg 2016w\" sizes=\"(max-width: 1024px) 100vw, 1024px\" \/><\/a><\/figure>\n","protected":false},"excerpt":{"rendered":"<p>Am Freitag, den 14. Februar um 15:30 Uhr trafen sich 48 schneebegeisterte Musikerinnen und Musiker, verst\u00e4rkt durch Freunde des MVG, um gemeinsam Richtung Spl\u00fcgen in die Schweiz aufzubrechen. Ein schneereiches und sonniges Wochenende erwartete uns. Schon die Busfahrt sorgte f\u00fcr &hellip; <a href=\"https:\/\/mv-gechingen.de\/?p=2748\">Weiterlesen <span class=\"meta-nav\">&rarr;<\/span><\/a><\/p>\n","protected":false},"author":3,"featured_media":2749,"comment_status":"closed","ping_status":"closed","sticky":false,"template":"","format":"standard","meta":{"footnotes":""},"categories":[1],"tags":[],"_links":{"self":[{"href":"https:\/\/mv-gechingen.de\/index.php?rest_route=\/wp\/v2\/posts\/2748"}],"collection":[{"href":"https:\/\/mv-gechingen.de\/index.php?rest_route=\/wp\/v2\/posts"}],"about":[{"href":"https:\/\/mv-gechingen.de\/index.php?rest_route=\/wp\/v2\/types\/post"}],"author":[{"embeddable":true,"href":"https:\/\/mv-gechingen.de\/index.php?rest_route=\/wp\/v2\/users\/3"}],"replies":[{"embeddable":true,"href":"https:\/\/mv-gechingen.de\/index.php?rest_route=%2Fwp%2Fv2%2Fcomments&post=2748"}],"version-history":[{"count":1,"href":"https:\/\/mv-gechingen.de\/index.php?rest_route=\/wp\/v2\/posts\/2748\/revisions"}],"predecessor-version":[{"id":2752,"href":"https:\/\/mv-gechingen.de\/index.php?rest_route=\/wp\/v2\/posts\/2748\/revisions\/2752"}],"wp:featuredmedia":[{"embeddable":true,"href":"https:\/\/mv-gechingen.de\/index.php?rest_route=\/wp\/v2\/media\/2749"}],"wp:attachment":[{"href":"https:\/\/mv-gechingen.de\/index.php?rest_route=%2Fwp%2Fv2%2Fmedia&parent=2748"}],"wp:term":[{"taxonomy":"category","embeddable":true,"href":"https:\/\/mv-gechingen.de\/index.php?rest_route=%2Fwp%2Fv2%2Fcategories&post=2748"},{"taxonomy":"post_tag","embeddable":true,"href":"https:\/\/mv-gechingen.de\/index.php?rest_route=%2Fwp%2Fv2%2Ftags&post=2748"}],"curies":[{"name":"wp","href":"https:\/\/api.w.org\/{rel}","templated":true}]}}