{"id":2764,"date":"2025-03-09T20:24:12","date_gmt":"2025-03-09T19:24:12","guid":{"rendered":"https:\/\/mv-gechingen.de\/?p=2764"},"modified":"2025-03-09T20:24:12","modified_gmt":"2025-03-09T19:24:12","slug":"zukunftswerkstatt-musikverein-gechingen","status":"publish","type":"post","link":"https:\/\/mv-gechingen.de\/?p=2764","title":{"rendered":"Zukunftswerkstatt Musikverein Gechingen"},"content":{"rendered":"\n<p>Am vergangenen Sonntag versammelten sich \u00fcber 50 aktive Musikerinnen und Musiker in der Musikertenne. Auch wenn wir uns gerade mitten in den Vorbereitungen zur am 23.\/24.\/28. Mai stattfindenden Modern Music Show befinden, hatte niemand sein Instrument dabei\u2026<\/p>\n\n\n\n<p>An diesem Tag war ein ganz anderes Programm angesagt: wir nahmen uns alle bewusst den sonnigen Fr\u00fchlingstag frei, um gemeinsam an der Vereinsentwicklung des Musikverein Gechingen zu arbeiten. Von 9.30 bis 17 Uhr wurden kreative Ideen gesammelt, intensiv diskutiert und konkrete Ma\u00dfnahmen erarbeitet.<\/p>\n\n\n\n<p>Durchgef\u00fchrt wurde der Ganztagesworkshop mit dem Titel \u201eZukunftswerkstatt\u201c von Alexandra Link vom \u201eKulturservice Link\u201c.<\/p>\n\n\n\n<figure class=\"wp-block-image size-large\"><a href=\"https:\/\/mv-gechingen.de\/wordpress_01\/wp-content\/uploads\/2025\/03\/Workshop-scaled.jpg\"><img loading=\"lazy\" decoding=\"async\" width=\"1024\" height=\"768\" src=\"https:\/\/mv-gechingen.de\/wordpress_01\/wp-content\/uploads\/2025\/03\/Workshop-1024x768.jpg\" alt=\"\" class=\"wp-image-2765\" srcset=\"https:\/\/mv-gechingen.de\/wordpress_01\/wp-content\/uploads\/2025\/03\/Workshop-1024x768.jpg 1024w, https:\/\/mv-gechingen.de\/wordpress_01\/wp-content\/uploads\/2025\/03\/Workshop-300x225.jpg 300w, https:\/\/mv-gechingen.de\/wordpress_01\/wp-content\/uploads\/2025\/03\/Workshop-768x576.jpg 768w, https:\/\/mv-gechingen.de\/wordpress_01\/wp-content\/uploads\/2025\/03\/Workshop-1536x1152.jpg 1536w, https:\/\/mv-gechingen.de\/wordpress_01\/wp-content\/uploads\/2025\/03\/Workshop-2048x1536.jpg 2048w, https:\/\/mv-gechingen.de\/wordpress_01\/wp-content\/uploads\/2025\/03\/Workshop-400x300.jpg 400w\" sizes=\"(max-width: 1024px) 100vw, 1024px\" \/><\/a><\/figure>\n\n\n\n<p>Zum Einstieg hatten wir die Aufgabe auf Karteikarten aufzuschreiben, was uns am Musikverein Gechingen besonders gef\u00e4llt. Schnell wurde klar, dass der gute Zusammenhalt, die musikalische Vielfalt und der gemeinsame Spa\u00df eine gro\u00dfe Rolle spielen und uns als Musikverein ausmachen. Doch neben all den positiven Aspekten gibt es auch Herausforderungen, die es zu meistern gilt. In den Bereichen Musik, Organisation, Jugend und Finanzen wurden Problemfelder identifiziert und die wichtigsten Themen herausgearbeitet.<\/p>\n\n\n\n<figure class=\"wp-block-image size-large\"><a href=\"https:\/\/mv-gechingen.de\/wordpress_01\/wp-content\/uploads\/2025\/03\/Workshop-3-scaled.jpg\"><img loading=\"lazy\" decoding=\"async\" width=\"1024\" height=\"768\" src=\"https:\/\/mv-gechingen.de\/wordpress_01\/wp-content\/uploads\/2025\/03\/Workshop-3-1024x768.jpg\" alt=\"\" class=\"wp-image-2766\" srcset=\"https:\/\/mv-gechingen.de\/wordpress_01\/wp-content\/uploads\/2025\/03\/Workshop-3-1024x768.jpg 1024w, https:\/\/mv-gechingen.de\/wordpress_01\/wp-content\/uploads\/2025\/03\/Workshop-3-300x225.jpg 300w, https:\/\/mv-gechingen.de\/wordpress_01\/wp-content\/uploads\/2025\/03\/Workshop-3-768x576.jpg 768w, https:\/\/mv-gechingen.de\/wordpress_01\/wp-content\/uploads\/2025\/03\/Workshop-3-1536x1152.jpg 1536w, https:\/\/mv-gechingen.de\/wordpress_01\/wp-content\/uploads\/2025\/03\/Workshop-3-2048x1536.jpg 2048w, https:\/\/mv-gechingen.de\/wordpress_01\/wp-content\/uploads\/2025\/03\/Workshop-3-400x300.jpg 400w\" sizes=\"(max-width: 1024px) 100vw, 1024px\" \/><\/a><\/figure>\n\n\n\n<p>Nach einer kurzen Mittagspause bei Leberk\u00e4sweckle ging es in Kleingruppen weiter. Hier wurde gebrainstormt, Ideen entwickelt und m\u00f6gliche L\u00f6sungen f\u00fcr die erkannten Herausforderungen erarbeitet. Die Pr\u00e4sentation der Ergebnisse brachte spannende Ans\u00e4tze hervor, die anschlie\u00dfend weiter diskutiert und konkretisiert wurden. Ziel war es, wesentliche Ma\u00dfnahmen pro Herausforderung zu definieren und anschlie\u00dfend in Arbeitsgruppen mit klaren Verantwortlichkeiten aufzuteilen. Insgesamt sieben Arbeitsgruppen haben sich am Ende des Tages gebildet. In den n\u00e4chsten Wochen werden sich die jeweiligen Gruppen treffen und intensiv an den besprochenen Ma\u00dfnahmen arbeiten.<\/p>\n\n\n\n<figure class=\"wp-block-image size-large\"><a href=\"https:\/\/mv-gechingen.de\/wordpress_01\/wp-content\/uploads\/2025\/03\/Workshop-2-scaled.jpg\"><img loading=\"lazy\" decoding=\"async\" width=\"1024\" height=\"768\" src=\"https:\/\/mv-gechingen.de\/wordpress_01\/wp-content\/uploads\/2025\/03\/Workshop-2-1024x768.jpg\" alt=\"\" class=\"wp-image-2767\" srcset=\"https:\/\/mv-gechingen.de\/wordpress_01\/wp-content\/uploads\/2025\/03\/Workshop-2-1024x768.jpg 1024w, https:\/\/mv-gechingen.de\/wordpress_01\/wp-content\/uploads\/2025\/03\/Workshop-2-300x225.jpg 300w, https:\/\/mv-gechingen.de\/wordpress_01\/wp-content\/uploads\/2025\/03\/Workshop-2-768x576.jpg 768w, https:\/\/mv-gechingen.de\/wordpress_01\/wp-content\/uploads\/2025\/03\/Workshop-2-1536x1152.jpg 1536w, https:\/\/mv-gechingen.de\/wordpress_01\/wp-content\/uploads\/2025\/03\/Workshop-2-2048x1536.jpg 2048w, https:\/\/mv-gechingen.de\/wordpress_01\/wp-content\/uploads\/2025\/03\/Workshop-2-400x300.jpg 400w\" sizes=\"(max-width: 1024px) 100vw, 1024px\" \/><\/a><\/figure>\n\n\n\n<p>Neben der inhaltlichen Arbeit gab es auch eine kurze Einf\u00fchrung in das teambasierte Vereinsmanagement, um die Zusammenarbeit im Verein weiter zu verbessern und die Verantwortlichkeiten sowie Aufgaben auf mehrere Schultern zu verteilen. Zwischendurch sorgten eine Kaffeepause mit Kuchen und lockeren Gespr\u00e4chen f\u00fcr eine kameradschaftliche Atmosph\u00e4re.<\/p>\n\n\n\n<p>Am Ende des Tages war allen bewusst: Es liegt einiges an Arbeit vor dem Musikverein. Doch mit den gesammelten Ideen und der hohen Motivation aller Beteiligten wurde ein wichtiger Grundstein f\u00fcr die Zukunft gelegt. Die n\u00e4chsten Schritte sind klar, und mit vereinten Kr\u00e4ften wird der Verein weiter wachsen und sich entwickeln. Ein gro\u00dfes Dankesch\u00f6n an alle, die mitgewirkt haben und den Tag zu einem Erfolg gemacht haben. Wir sind ein starker Verein mit tollem Zusammenhalt!<\/p>\n\n\n\n<figure class=\"wp-block-image size-large\"><a href=\"https:\/\/mv-gechingen.de\/wordpress_01\/wp-content\/uploads\/2025\/03\/Workshop-4-scaled.jpg\"><img loading=\"lazy\" decoding=\"async\" width=\"1024\" height=\"768\" src=\"https:\/\/mv-gechingen.de\/wordpress_01\/wp-content\/uploads\/2025\/03\/Workshop-4-1024x768.jpg\" alt=\"\" class=\"wp-image-2768\" srcset=\"https:\/\/mv-gechingen.de\/wordpress_01\/wp-content\/uploads\/2025\/03\/Workshop-4-1024x768.jpg 1024w, https:\/\/mv-gechingen.de\/wordpress_01\/wp-content\/uploads\/2025\/03\/Workshop-4-300x225.jpg 300w, https:\/\/mv-gechingen.de\/wordpress_01\/wp-content\/uploads\/2025\/03\/Workshop-4-768x576.jpg 768w, https:\/\/mv-gechingen.de\/wordpress_01\/wp-content\/uploads\/2025\/03\/Workshop-4-1536x1152.jpg 1536w, https:\/\/mv-gechingen.de\/wordpress_01\/wp-content\/uploads\/2025\/03\/Workshop-4-2048x1536.jpg 2048w, https:\/\/mv-gechingen.de\/wordpress_01\/wp-content\/uploads\/2025\/03\/Workshop-4-400x300.jpg 400w\" sizes=\"(max-width: 1024px) 100vw, 1024px\" \/><\/a><\/figure>\n","protected":false},"excerpt":{"rendered":"<p>Am vergangenen Sonntag versammelten sich \u00fcber 50 aktive Musikerinnen und Musiker in der Musikertenne. Auch wenn wir uns gerade mitten in den Vorbereitungen zur am 23.\/24.\/28. Mai stattfindenden Modern Music Show befinden, hatte niemand sein Instrument dabei\u2026 An diesem Tag &hellip; <a href=\"https:\/\/mv-gechingen.de\/?p=2764\">Weiterlesen <span class=\"meta-nav\">&rarr;<\/span><\/a><\/p>\n","protected":false},"author":3,"featured_media":0,"comment_status":"closed","ping_status":"closed","sticky":false,"template":"","format":"standard","meta":{"footnotes":""},"categories":[1],"tags":[],"_links":{"self":[{"href":"https:\/\/mv-gechingen.de\/index.php?rest_route=\/wp\/v2\/posts\/2764"}],"collection":[{"href":"https:\/\/mv-gechingen.de\/index.php?rest_route=\/wp\/v2\/posts"}],"about":[{"href":"https:\/\/mv-gechingen.de\/index.php?rest_route=\/wp\/v2\/types\/post"}],"author":[{"embeddable":true,"href":"https:\/\/mv-gechingen.de\/index.php?rest_route=\/wp\/v2\/users\/3"}],"replies":[{"embeddable":true,"href":"https:\/\/mv-gechingen.de\/index.php?rest_route=%2Fwp%2Fv2%2Fcomments&post=2764"}],"version-history":[{"count":1,"href":"https:\/\/mv-gechingen.de\/index.php?rest_route=\/wp\/v2\/posts\/2764\/revisions"}],"predecessor-version":[{"id":2769,"href":"https:\/\/mv-gechingen.de\/index.php?rest_route=\/wp\/v2\/posts\/2764\/revisions\/2769"}],"wp:attachment":[{"href":"https:\/\/mv-gechingen.de\/index.php?rest_route=%2Fwp%2Fv2%2Fmedia&parent=2764"}],"wp:term":[{"taxonomy":"category","embeddable":true,"href":"https:\/\/mv-gechingen.de\/index.php?rest_route=%2Fwp%2Fv2%2Fcategories&post=2764"},{"taxonomy":"post_tag","embeddable":true,"href":"https:\/\/mv-gechingen.de\/index.php?rest_route=%2Fwp%2Fv2%2Ftags&post=2764"}],"curies":[{"name":"wp","href":"https:\/\/api.w.org\/{rel}","templated":true}]}}