{"id":2784,"date":"2025-05-17T09:54:25","date_gmt":"2025-05-17T07:54:25","guid":{"rendered":"https:\/\/mv-gechingen.de\/?p=2784"},"modified":"2025-06-19T21:54:39","modified_gmt":"2025-06-19T19:54:39","slug":"rueckblick-probewochenende-modern-music-show-2","status":"publish","type":"post","link":"https:\/\/mv-gechingen.de\/?p=2784","title":{"rendered":"R\u00fcckblick Probewochenende \/ Modern Music Show"},"content":{"rendered":"\n<p>Am 10. und 11. Mai fand unser zweit\u00e4giges Probewochenende in der Gechinger Gemeindehalle statt. Nicht nur wir Musikerinnen und Musiker an den Instrumenten waren anwesend, sondern auch unsere vier S\u00e4ngerinnen und S\u00e4nger sowie eine ganz besondere K\u00fcnstlerin&#8230; Seien Sie gespannt.<\/p>\n\n\n\n<figure class=\"wp-block-image size-large\"><a href=\"https:\/\/mv-gechingen.de\/wordpress_01\/wp-content\/uploads\/2025\/05\/Probe-scaled.jpg\"><img loading=\"lazy\" decoding=\"async\" width=\"1024\" height=\"768\" src=\"https:\/\/mv-gechingen.de\/wordpress_01\/wp-content\/uploads\/2025\/05\/Probe-1024x768.jpg\" alt=\"\" class=\"wp-image-2786\" srcset=\"https:\/\/mv-gechingen.de\/wordpress_01\/wp-content\/uploads\/2025\/05\/Probe-1024x768.jpg 1024w, https:\/\/mv-gechingen.de\/wordpress_01\/wp-content\/uploads\/2025\/05\/Probe-300x225.jpg 300w, https:\/\/mv-gechingen.de\/wordpress_01\/wp-content\/uploads\/2025\/05\/Probe-768x576.jpg 768w, https:\/\/mv-gechingen.de\/wordpress_01\/wp-content\/uploads\/2025\/05\/Probe-1536x1152.jpg 1536w, https:\/\/mv-gechingen.de\/wordpress_01\/wp-content\/uploads\/2025\/05\/Probe-2048x1536.jpg 2048w, https:\/\/mv-gechingen.de\/wordpress_01\/wp-content\/uploads\/2025\/05\/Probe-400x300.jpg 400w\" sizes=\"(max-width: 1024px) 100vw, 1024px\" \/><\/a><\/figure>\n\n\n\n<p>Samstags probten wir ab 9 Uhr. Zum Mittagessen wurden wir mit leckeren Maultaschen und Kartoffelsalat von der Metzgerei Kienzle aus Gechingen versorgt. Ein riesiges Dankesch\u00f6n hierf\u00fcr! <\/p>\n\n\n\n<figure class=\"wp-block-image size-large\"><a href=\"https:\/\/mv-gechingen.de\/wordpress_01\/wp-content\/uploads\/2025\/05\/Mittagessen-scaled.jpg\"><img loading=\"lazy\" decoding=\"async\" width=\"1024\" height=\"768\" src=\"https:\/\/mv-gechingen.de\/wordpress_01\/wp-content\/uploads\/2025\/05\/Mittagessen-1024x768.jpg\" alt=\"\" class=\"wp-image-2785\" srcset=\"https:\/\/mv-gechingen.de\/wordpress_01\/wp-content\/uploads\/2025\/05\/Mittagessen-1024x768.jpg 1024w, https:\/\/mv-gechingen.de\/wordpress_01\/wp-content\/uploads\/2025\/05\/Mittagessen-300x225.jpg 300w, https:\/\/mv-gechingen.de\/wordpress_01\/wp-content\/uploads\/2025\/05\/Mittagessen-768x576.jpg 768w, https:\/\/mv-gechingen.de\/wordpress_01\/wp-content\/uploads\/2025\/05\/Mittagessen-1536x1152.jpg 1536w, https:\/\/mv-gechingen.de\/wordpress_01\/wp-content\/uploads\/2025\/05\/Mittagessen-2048x1536.jpg 2048w, https:\/\/mv-gechingen.de\/wordpress_01\/wp-content\/uploads\/2025\/05\/Mittagessen-400x300.jpg 400w\" sizes=\"(max-width: 1024px) 100vw, 1024px\" \/><\/a><\/figure>\n\n\n\n<p>Nachmittags sorgte eine kurze Kaffeepause mit Kuchen f\u00fcr neue Energie und wir beendeten den ersten Probentag gegen 17 Uhr. Sonntags starteten wir erneut ab 9 Uhr und konnten nach drei Stunden konzentrierter Probenarbeit noch das sch\u00f6ne, sonnige Wetter genie\u00dfen.<\/p>\n\n\n\n<p>Die Proben waren sehr intensiv, aber haben auch viel Spa\u00df gemacht und waren erfolgreich. Danke an unseren Dirigenten Stefan Schneider f\u00fcr seine Geduld und die gute Vorbereitung.<\/p>\n\n\n\n<figure class=\"wp-block-image size-large\"><a href=\"https:\/\/mv-gechingen.de\/wordpress_01\/wp-content\/uploads\/2025\/05\/Probe2-scaled.jpg\"><img loading=\"lazy\" decoding=\"async\" width=\"1024\" height=\"768\" src=\"https:\/\/mv-gechingen.de\/wordpress_01\/wp-content\/uploads\/2025\/05\/Probe2-1024x768.jpg\" alt=\"\" class=\"wp-image-2787\" srcset=\"https:\/\/mv-gechingen.de\/wordpress_01\/wp-content\/uploads\/2025\/05\/Probe2-1024x768.jpg 1024w, https:\/\/mv-gechingen.de\/wordpress_01\/wp-content\/uploads\/2025\/05\/Probe2-300x225.jpg 300w, https:\/\/mv-gechingen.de\/wordpress_01\/wp-content\/uploads\/2025\/05\/Probe2-768x576.jpg 768w, https:\/\/mv-gechingen.de\/wordpress_01\/wp-content\/uploads\/2025\/05\/Probe2-1536x1152.jpg 1536w, https:\/\/mv-gechingen.de\/wordpress_01\/wp-content\/uploads\/2025\/05\/Probe2-2048x1536.jpg 2048w, https:\/\/mv-gechingen.de\/wordpress_01\/wp-content\/uploads\/2025\/05\/Probe2-400x300.jpg 400w\" sizes=\"(max-width: 1024px) 100vw, 1024px\" \/><\/a><\/figure>\n\n\n\n<p>In dieser Woche stehen am Mittwochabend ab 18 Uhr der Soundcheck und am Donnerstagabend ab 19 Uhr die Ablaufprobe an. Kommende Woche folgt dann mit der Hauptprobe am Mittwochabend die letzte Probe, bevor am Freitag, 23. Mai, der erste Showabend beginnt. Dazwischen laufen die Technikvorbereitungen f\u00fcr die Licht-, Ton- und Showeffekte auf Hochtouren. <\/p>\n\n\n\n<figure class=\"wp-block-image size-large\"><a href=\"https:\/\/mv-gechingen.de\/wordpress_01\/wp-content\/uploads\/2025\/05\/Probe3-scaled.jpg\"><img loading=\"lazy\" decoding=\"async\" width=\"1024\" height=\"768\" src=\"https:\/\/mv-gechingen.de\/wordpress_01\/wp-content\/uploads\/2025\/05\/Probe3-1024x768.jpg\" alt=\"\" class=\"wp-image-2788\" srcset=\"https:\/\/mv-gechingen.de\/wordpress_01\/wp-content\/uploads\/2025\/05\/Probe3-1024x768.jpg 1024w, https:\/\/mv-gechingen.de\/wordpress_01\/wp-content\/uploads\/2025\/05\/Probe3-300x225.jpg 300w, https:\/\/mv-gechingen.de\/wordpress_01\/wp-content\/uploads\/2025\/05\/Probe3-768x576.jpg 768w, https:\/\/mv-gechingen.de\/wordpress_01\/wp-content\/uploads\/2025\/05\/Probe3-1536x1152.jpg 1536w, https:\/\/mv-gechingen.de\/wordpress_01\/wp-content\/uploads\/2025\/05\/Probe3-2048x1536.jpg 2048w, https:\/\/mv-gechingen.de\/wordpress_01\/wp-content\/uploads\/2025\/05\/Probe3-400x300.jpg 400w\" sizes=\"(max-width: 1024px) 100vw, 1024px\" \/><\/a><\/figure>\n\n\n\n<p>Vielen Dank an alle, die hier mehrt\u00e4gigen, intensiven Einsatz leisten. Wie Sie merken, sind wir mit viel Flei\u00df und Begeisterung dabei und k\u00f6nnen es kaum erwarten Sie bald zur Modern Music Show in der Gechinger Gemeindehalle begr\u00fc\u00dfen zu d\u00fcrfen.<\/p>\n","protected":false},"excerpt":{"rendered":"<p>Am 10. und 11. Mai fand unser zweit\u00e4giges Probewochenende in der Gechinger Gemeindehalle statt. Nicht nur wir Musikerinnen und Musiker an den Instrumenten waren anwesend, sondern auch unsere vier S\u00e4ngerinnen und S\u00e4nger sowie eine ganz besondere K\u00fcnstlerin&#8230; Seien Sie gespannt. &hellip; <a href=\"https:\/\/mv-gechingen.de\/?p=2784\">Weiterlesen <span class=\"meta-nav\">&rarr;<\/span><\/a><\/p>\n","protected":false},"author":3,"featured_media":2760,"comment_status":"closed","ping_status":"closed","sticky":false,"template":"","format":"standard","meta":{"footnotes":""},"categories":[1],"tags":[],"_links":{"self":[{"href":"https:\/\/mv-gechingen.de\/index.php?rest_route=\/wp\/v2\/posts\/2784"}],"collection":[{"href":"https:\/\/mv-gechingen.de\/index.php?rest_route=\/wp\/v2\/posts"}],"about":[{"href":"https:\/\/mv-gechingen.de\/index.php?rest_route=\/wp\/v2\/types\/post"}],"author":[{"embeddable":true,"href":"https:\/\/mv-gechingen.de\/index.php?rest_route=\/wp\/v2\/users\/3"}],"replies":[{"embeddable":true,"href":"https:\/\/mv-gechingen.de\/index.php?rest_route=%2Fwp%2Fv2%2Fcomments&post=2784"}],"version-history":[{"count":1,"href":"https:\/\/mv-gechingen.de\/index.php?rest_route=\/wp\/v2\/posts\/2784\/revisions"}],"predecessor-version":[{"id":2789,"href":"https:\/\/mv-gechingen.de\/index.php?rest_route=\/wp\/v2\/posts\/2784\/revisions\/2789"}],"wp:featuredmedia":[{"embeddable":true,"href":"https:\/\/mv-gechingen.de\/index.php?rest_route=\/wp\/v2\/media\/2760"}],"wp:attachment":[{"href":"https:\/\/mv-gechingen.de\/index.php?rest_route=%2Fwp%2Fv2%2Fmedia&parent=2784"}],"wp:term":[{"taxonomy":"category","embeddable":true,"href":"https:\/\/mv-gechingen.de\/index.php?rest_route=%2Fwp%2Fv2%2Fcategories&post=2784"},{"taxonomy":"post_tag","embeddable":true,"href":"https:\/\/mv-gechingen.de\/index.php?rest_route=%2Fwp%2Fv2%2Ftags&post=2784"}],"curies":[{"name":"wp","href":"https:\/\/api.w.org\/{rel}","templated":true}]}}