{"id":2793,"date":"2025-06-02T21:44:51","date_gmt":"2025-06-02T19:44:51","guid":{"rendered":"https:\/\/mv-gechingen.de\/?p=2793"},"modified":"2025-06-19T21:55:34","modified_gmt":"2025-06-19T19:55:34","slug":"modern-music-show-2025-fasziniert-das-publikum-mit-musikalischen-highlights","status":"publish","type":"post","link":"https:\/\/mv-gechingen.de\/?p=2793","title":{"rendered":"Modern Music Show 2025 fasziniert das Publikum mit musikalischen Highlights"},"content":{"rendered":"\n<p>Wer im Kreis Calw gute Musik liebt, kam in den letzten Tagen nicht zu kurz. Mit einem mitrei\u00dfenden Programm \u00fcber drei Abende hinweg bot der Musikverein Gechingen unter der Leitung von Dirigent Stefan Schneider ein buntes Musikfeuerwerk.<\/p>\n\n\n\n<p>Schon mehrere Stunden vor dem Einlass bildete sich eine Schlange vor dem Eingang, in welcher Vorfreude auf die Show in der Luft lag. P\u00fcnktlich um 19:00 Uhr \u00f6ffneten sich die T\u00fcren und das Publikum str\u00f6mte in die Gechinger Gemeindehalle. Bei k\u00fchlen Getr\u00e4nken und kulinarischen K\u00f6stlichkeiten warteten die Besucher bei bester Stimmung auf den Beginn der Show.<\/p>\n\n\n\n<p>Um 20:30 Uhr war es endlich so weit. Der Abend begann mit dem St\u00fcck \u201eA Million Dreams\u201c aus dem Film \u201eThe Greatest Showman\u201c. Beim folgenden St\u00fcck \u201eJailhouse Rock\u201c von Elvis Presley gl\u00e4nzten Julia D\u00fcrr, Simone Klass, Simon Schwarzer und Max Hillengass am Gesang. Von da an war die Energie in der Halle f\u00f6rmlich sp\u00fcrbar. Ein Highlight folgte dem n\u00e4chsten: Von Hits wie \u201eThe Sound of Silence\u201c \u00fcber \u201eIt\u2019s A Beautiful Day\u201c bis zu der ber\u00fchrenden Solisten Darbietung von Adrian Schmid (Trompete) und Marvin Welte (Saxophon) zu \u201eThe Power of Love\u201c boten die rund 60 Musikerinnen und Musiker dem Publikum ein spektakul\u00e4res Programm.<\/p>\n\n\n\n<figure class=\"wp-block-image size-large\"><a href=\"https:\/\/mv-gechingen.de\/wordpress_01\/wp-content\/uploads\/2025\/06\/IMG-20250601-WA0008-1.jpg\"><img loading=\"lazy\" decoding=\"async\" width=\"746\" height=\"1024\" src=\"https:\/\/mv-gechingen.de\/wordpress_01\/wp-content\/uploads\/2025\/06\/IMG-20250601-WA0008-1-746x1024.jpg\" alt=\"\" class=\"wp-image-2795\" srcset=\"https:\/\/mv-gechingen.de\/wordpress_01\/wp-content\/uploads\/2025\/06\/IMG-20250601-WA0008-1-746x1024.jpg 746w, https:\/\/mv-gechingen.de\/wordpress_01\/wp-content\/uploads\/2025\/06\/IMG-20250601-WA0008-1-219x300.jpg 219w, https:\/\/mv-gechingen.de\/wordpress_01\/wp-content\/uploads\/2025\/06\/IMG-20250601-WA0008-1-768x1054.jpg 768w, https:\/\/mv-gechingen.de\/wordpress_01\/wp-content\/uploads\/2025\/06\/IMG-20250601-WA0008-1.jpg 990w\" sizes=\"(max-width: 746px) 100vw, 746px\" \/><\/a><\/figure>\n\n\n\n<p> Auch die beiden Kleinbesetzungen aus Holz- und Blechbl\u00e4sern zeigten ihr K\u00f6nnen bei \u201eSummer of \u00b469\u201c und \u201eFlashdance \u2013 What a Feeling\u201c.<\/p>\n\n\n\n<figure class=\"wp-block-image size-large\"><a href=\"https:\/\/mv-gechingen.de\/wordpress_01\/wp-content\/uploads\/2025\/06\/IMG_3165-scaled.jpg\"><img loading=\"lazy\" decoding=\"async\" width=\"768\" height=\"1024\" src=\"https:\/\/mv-gechingen.de\/wordpress_01\/wp-content\/uploads\/2025\/06\/IMG_3165-768x1024.jpg\" alt=\"\" class=\"wp-image-2799\" srcset=\"https:\/\/mv-gechingen.de\/wordpress_01\/wp-content\/uploads\/2025\/06\/IMG_3165-768x1024.jpg 768w, https:\/\/mv-gechingen.de\/wordpress_01\/wp-content\/uploads\/2025\/06\/IMG_3165-225x300.jpg 225w, https:\/\/mv-gechingen.de\/wordpress_01\/wp-content\/uploads\/2025\/06\/IMG_3165-1152x1536.jpg 1152w, https:\/\/mv-gechingen.de\/wordpress_01\/wp-content\/uploads\/2025\/06\/IMG_3165-1536x2048.jpg 1536w, https:\/\/mv-gechingen.de\/wordpress_01\/wp-content\/uploads\/2025\/06\/IMG_3165-scaled.jpg 1920w\" sizes=\"(max-width: 768px) 100vw, 768px\" \/><\/a><\/figure>\n\n\n\n<p>Das Schlagzeugregister holte das Publikum mit ihrer etwas verr\u00fcckten Darbietung zu \u201eLivin\u00b4 La Vida Loca\u201c schwungvoll aus der Pause heraus. Daraufhin folgte ein besonders feuriges Highlight. Mit einer faszinierenden Feuershow von Samara Alessa Bannikov, eindrucksvoll untermalt vom Musikverein Gechingen mit den St\u00fccken \u201eAmmerland\u201c und \u201eSergey Novikov\u201c, wurde das Publikum f\u00f6rmlich in Brand gesetzt.<\/p>\n\n\n\n<figure class=\"wp-block-image size-large\"><a href=\"https:\/\/mv-gechingen.de\/wordpress_01\/wp-content\/uploads\/2025\/06\/IMG-20250601-WA0010.jpg\"><img loading=\"lazy\" decoding=\"async\" width=\"768\" height=\"1024\" src=\"https:\/\/mv-gechingen.de\/wordpress_01\/wp-content\/uploads\/2025\/06\/IMG-20250601-WA0010-768x1024.jpg\" alt=\"\" class=\"wp-image-2796\" srcset=\"https:\/\/mv-gechingen.de\/wordpress_01\/wp-content\/uploads\/2025\/06\/IMG-20250601-WA0010-768x1024.jpg 768w, https:\/\/mv-gechingen.de\/wordpress_01\/wp-content\/uploads\/2025\/06\/IMG-20250601-WA0010-225x300.jpg 225w, https:\/\/mv-gechingen.de\/wordpress_01\/wp-content\/uploads\/2025\/06\/IMG-20250601-WA0010-1152x1536.jpg 1152w, https:\/\/mv-gechingen.de\/wordpress_01\/wp-content\/uploads\/2025\/06\/IMG-20250601-WA0010.jpg 1200w\" sizes=\"(max-width: 768px) 100vw, 768px\" \/><\/a><\/figure>\n\n\n\n<p>Doch nicht nur die Showeinlagen wussten zu begeistern \u2013 auch der Musikverein selbst hatte eine besondere \u00dcberraschung vorbereitet. Zu Ehren des zehnj\u00e4hrigen Dirigentenjubil\u00e4ums von Stefan Schneider stimmten die Musikerinnen und Musiker eine humorvoll umgedichtete Version des Refrains von \u201eWir sagen Dankesch\u00f6n\u201c von den Flippers an. Sp\u00e4testens bei \u201eIt\u2019s My Life\u201c von der amerikanischen Rockband Bon Jovi war das komplette Publikum Feuer und Flamme f\u00fcr den Endspurt. Neben \u201eDon\u2019t Stop Believin\u2018 \u201c und \u201eDancing Queen\u201c von Abba, war auch die \u201e80er Kult (tour) 2\u201c ein musikalisches Highlight. Das Medley mit den Titeln \u201eDein ist mein ganzes Herz\u201c, \u201eWunder gescheh\u2018n\u201c, \u201eVerdamp lang her\u201c und \u201eMajor Tom\u201c sorgte f\u00fcr Standing Ovations und tobenden Applaus. Besonders bei \u201eMajor Tom\u201c herrschte Partystimmung und es entstand eine Fanmeile, die den Saal in eine ausgelassene Feierzone verwandelte.<\/p>\n\n\n\n<figure class=\"wp-block-image size-large\"><a href=\"https:\/\/mv-gechingen.de\/wordpress_01\/wp-content\/uploads\/2025\/06\/IMG_1909-scaled.jpg\"><img loading=\"lazy\" decoding=\"async\" width=\"1024\" height=\"768\" src=\"https:\/\/mv-gechingen.de\/wordpress_01\/wp-content\/uploads\/2025\/06\/IMG_1909-1024x768.jpg\" alt=\"\" class=\"wp-image-2797\" srcset=\"https:\/\/mv-gechingen.de\/wordpress_01\/wp-content\/uploads\/2025\/06\/IMG_1909-1024x768.jpg 1024w, https:\/\/mv-gechingen.de\/wordpress_01\/wp-content\/uploads\/2025\/06\/IMG_1909-300x225.jpg 300w, https:\/\/mv-gechingen.de\/wordpress_01\/wp-content\/uploads\/2025\/06\/IMG_1909-768x576.jpg 768w, https:\/\/mv-gechingen.de\/wordpress_01\/wp-content\/uploads\/2025\/06\/IMG_1909-1536x1152.jpg 1536w, https:\/\/mv-gechingen.de\/wordpress_01\/wp-content\/uploads\/2025\/06\/IMG_1909-2048x1536.jpg 2048w, https:\/\/mv-gechingen.de\/wordpress_01\/wp-content\/uploads\/2025\/06\/IMG_1909-400x300.jpg 400w\" sizes=\"(max-width: 1024px) 100vw, 1024px\" \/><\/a><\/figure>\n\n\n\n<p>Unter tosendem Applaus lie\u00df der Musikverein den Abend mit drei stimmungsvollen Zugaben ausklingen. Mit \u201ePartyplanet\u201c brachten die Musiker den Saal noch einmal zum Beben, gefolgt von einem mitrei\u00dfenden Medley der gr\u00f6\u00dften Hits von Udo J\u00fcrgens. Den kr\u00f6nenden Abschluss bildete \u201eLet It Be\u201c, bei dem das Publikum lauthals mitsang.<\/p>\n\n\n\n<p>Die Modern Music Show 2025 erwies sich als ein voller Erfolg \u2013 getragen von der musikalischen Qualit\u00e4t, der sp\u00fcrbaren Leidenschaft des Musikvereins Gechingen und der anhaltenden Begeisterung des Publikums. Zum Abschluss verabschiedete Moderatorin Maren Zell das Publikum mit den Worten:&nbsp;\u201eSch\u00f6n, dass Sie bei uns waren und diesen Abend mit uns gefeiert haben \u2013 wir sehen uns bei der n\u00e4chsten Modern Music Show 2026!\u201c<\/p>\n","protected":false},"excerpt":{"rendered":"<p>Wer im Kreis Calw gute Musik liebt, kam in den letzten Tagen nicht zu kurz. Mit einem mitrei\u00dfenden Programm \u00fcber drei Abende hinweg bot der Musikverein Gechingen unter der Leitung von Dirigent Stefan Schneider ein buntes Musikfeuerwerk. Schon mehrere Stunden &hellip; <a href=\"https:\/\/mv-gechingen.de\/?p=2793\">Weiterlesen <span class=\"meta-nav\">&rarr;<\/span><\/a><\/p>\n","protected":false},"author":3,"featured_media":2760,"comment_status":"closed","ping_status":"closed","sticky":false,"template":"","format":"standard","meta":{"footnotes":""},"categories":[1],"tags":[],"_links":{"self":[{"href":"https:\/\/mv-gechingen.de\/index.php?rest_route=\/wp\/v2\/posts\/2793"}],"collection":[{"href":"https:\/\/mv-gechingen.de\/index.php?rest_route=\/wp\/v2\/posts"}],"about":[{"href":"https:\/\/mv-gechingen.de\/index.php?rest_route=\/wp\/v2\/types\/post"}],"author":[{"embeddable":true,"href":"https:\/\/mv-gechingen.de\/index.php?rest_route=\/wp\/v2\/users\/3"}],"replies":[{"embeddable":true,"href":"https:\/\/mv-gechingen.de\/index.php?rest_route=%2Fwp%2Fv2%2Fcomments&post=2793"}],"version-history":[{"count":1,"href":"https:\/\/mv-gechingen.de\/index.php?rest_route=\/wp\/v2\/posts\/2793\/revisions"}],"predecessor-version":[{"id":2800,"href":"https:\/\/mv-gechingen.de\/index.php?rest_route=\/wp\/v2\/posts\/2793\/revisions\/2800"}],"wp:featuredmedia":[{"embeddable":true,"href":"https:\/\/mv-gechingen.de\/index.php?rest_route=\/wp\/v2\/media\/2760"}],"wp:attachment":[{"href":"https:\/\/mv-gechingen.de\/index.php?rest_route=%2Fwp%2Fv2%2Fmedia&parent=2793"}],"wp:term":[{"taxonomy":"category","embeddable":true,"href":"https:\/\/mv-gechingen.de\/index.php?rest_route=%2Fwp%2Fv2%2Fcategories&post=2793"},{"taxonomy":"post_tag","embeddable":true,"href":"https:\/\/mv-gechingen.de\/index.php?rest_route=%2Fwp%2Fv2%2Ftags&post=2793"}],"curies":[{"name":"wp","href":"https:\/\/api.w.org\/{rel}","templated":true}]}}