{"id":2808,"date":"2025-06-23T18:09:59","date_gmt":"2025-06-23T16:09:59","guid":{"rendered":"https:\/\/mv-gechingen.de\/?p=2808"},"modified":"2025-06-27T20:41:09","modified_gmt":"2025-06-27T18:41:09","slug":"gechinger-strassenfest-am-12-und-13-juli-2025","status":"publish","type":"post","link":"https:\/\/mv-gechingen.de\/?p=2808","title":{"rendered":"Gechinger Stra\u00dfenfest am 12. und 13. Juli 2025"},"content":{"rendered":"\n<p>Der Musikverein Gechingen l\u00e4dt Sie am <strong>Samstag, den 12. und Sonntag, den 13. Juli<\/strong> in die Brunnenstra\u00dfe ein zum traditionellen Gechinger Stra\u00dfenfest. Es erwarten Sie vielerlei kulinarische K\u00f6stlichkeiten mit stimmungsvoller, unterhaltsamer Musik.<\/p>\n\n\n\n<p>Am <strong>Samstag ab 12.00 Uhr<\/strong> bietet Ihnen der F\u00f6rderverein des Musikverein Gechingen frischen selbstgemachten Zwiebel- und Kartoffelkuchen zum Aufw\u00e4rmen f\u00fcr Zuhause an.<\/p>\n\n\n\n<p><strong>Beginn<\/strong> des <strong>Festbetriebs<\/strong> ist dann <strong>um<\/strong> <strong>16.00 Uhr<\/strong>. Ab 17.00 Uhr werden Sie durch den Musikverein Stotzingen auf der B\u00fchne musikalisch unterhalten. Ab 19.00 Uhr sorgen die \u201eGolmer Buam\u201c f\u00fcr beste Festzeltstimmung, bevor ab 20.00 Uhr die \u201eOriginal Schwippetaler\u201c aus Dagersheim mit abwechslungsreicher Stimmungs- und Tanzmusik so richtig einheizen werden. Unsere Bar \u00f6ffnet zur gleichen Zeit.<\/p>\n\n\n\n<p>Der <strong>Sonntag<\/strong> beginnt um <strong>10.30 Uhr<\/strong> mit einem Gottesdienst im Freien und wird durch den Posaunenchor Gechingen musikalisch umrahmt. Um 11.30 Uhr d\u00fcrfen wir unsere Musikerjugend des Musikverein Gechingen und die Bl\u00e4serklasse auf der B\u00fchne begr\u00fc\u00dfen. Ab 13.00 Uhr unterh\u00e4lt Sie der Musikverein Neubulach und bildet damit den musikalischen Abschluss des Stra\u00dfenfests.<\/p>\n\n\n\n<p>Der Musikverein Gechingen sorgt selbstverst\u00e4ndlich an beiden Tagen f\u00fcr Ihr leibliches Wohl. Neben Pommes Frites, Steak, Rote Wurst, Curry Wurst, Cr\u00eapes und Eis gibt es frischen selbstgemachten Zwiebel- und Kartoffelkuchen. Am Sonntag werden zum Mittagessen zus\u00e4tzlich Maultaschen mit Kartoffelsalat sowie Kaffee und Kuchen angeboten.<\/p>\n\n\n\n<p>F\u00fcr unsere kleinen G\u00e4ste gibt es ein Spielmobil.<\/p>\n\n\n\n<p>Der Musikverein Gechingen freut sich auf Ihren Besuch!<\/p>\n\n\n\n<figure class=\"wp-block-gallery has-nested-images columns-default is-cropped wp-block-gallery-1 is-layout-flex wp-block-gallery-is-layout-flex\">\n<figure class=\"wp-block-image size-large\"><a href=\"https:\/\/mv-gechingen.de\/wordpress_01\/wp-content\/uploads\/2025\/06\/Strassenfest_Plakat_A4_2025_WEB.jpg\"><img loading=\"lazy\" decoding=\"async\" width=\"724\" height=\"1024\" data-id=\"2814\" src=\"https:\/\/mv-gechingen.de\/wordpress_01\/wp-content\/uploads\/2025\/06\/Strassenfest_Plakat_A4_2025_WEB-724x1024.jpg\" alt=\"\" class=\"wp-image-2814\" srcset=\"https:\/\/mv-gechingen.de\/wordpress_01\/wp-content\/uploads\/2025\/06\/Strassenfest_Plakat_A4_2025_WEB-724x1024.jpg 724w, https:\/\/mv-gechingen.de\/wordpress_01\/wp-content\/uploads\/2025\/06\/Strassenfest_Plakat_A4_2025_WEB-212x300.jpg 212w, https:\/\/mv-gechingen.de\/wordpress_01\/wp-content\/uploads\/2025\/06\/Strassenfest_Plakat_A4_2025_WEB-768x1086.jpg 768w, https:\/\/mv-gechingen.de\/wordpress_01\/wp-content\/uploads\/2025\/06\/Strassenfest_Plakat_A4_2025_WEB-1086x1536.jpg 1086w, https:\/\/mv-gechingen.de\/wordpress_01\/wp-content\/uploads\/2025\/06\/Strassenfest_Plakat_A4_2025_WEB.jpg 1240w\" sizes=\"(max-width: 724px) 100vw, 724px\" \/><\/a><\/figure>\n<\/figure>\n","protected":false},"excerpt":{"rendered":"<p>Der Musikverein Gechingen l\u00e4dt Sie am Samstag, den 12. und Sonntag, den 13. Juli in die Brunnenstra\u00dfe ein zum traditionellen Gechinger Stra\u00dfenfest. Es erwarten Sie vielerlei kulinarische K\u00f6stlichkeiten mit stimmungsvoller, unterhaltsamer Musik. Am Samstag ab 12.00 Uhr bietet Ihnen der &hellip; <a href=\"https:\/\/mv-gechingen.de\/?p=2808\">Weiterlesen <span class=\"meta-nav\">&rarr;<\/span><\/a><\/p>\n","protected":false},"author":3,"featured_media":2804,"comment_status":"closed","ping_status":"closed","sticky":false,"template":"","format":"standard","meta":{"footnotes":""},"categories":[1],"tags":[],"_links":{"self":[{"href":"https:\/\/mv-gechingen.de\/index.php?rest_route=\/wp\/v2\/posts\/2808"}],"collection":[{"href":"https:\/\/mv-gechingen.de\/index.php?rest_route=\/wp\/v2\/posts"}],"about":[{"href":"https:\/\/mv-gechingen.de\/index.php?rest_route=\/wp\/v2\/types\/post"}],"author":[{"embeddable":true,"href":"https:\/\/mv-gechingen.de\/index.php?rest_route=\/wp\/v2\/users\/3"}],"replies":[{"embeddable":true,"href":"https:\/\/mv-gechingen.de\/index.php?rest_route=%2Fwp%2Fv2%2Fcomments&post=2808"}],"version-history":[{"count":4,"href":"https:\/\/mv-gechingen.de\/index.php?rest_route=\/wp\/v2\/posts\/2808\/revisions"}],"predecessor-version":[{"id":2815,"href":"https:\/\/mv-gechingen.de\/index.php?rest_route=\/wp\/v2\/posts\/2808\/revisions\/2815"}],"wp:featuredmedia":[{"embeddable":true,"href":"https:\/\/mv-gechingen.de\/index.php?rest_route=\/wp\/v2\/media\/2804"}],"wp:attachment":[{"href":"https:\/\/mv-gechingen.de\/index.php?rest_route=%2Fwp%2Fv2%2Fmedia&parent=2808"}],"wp:term":[{"taxonomy":"category","embeddable":true,"href":"https:\/\/mv-gechingen.de\/index.php?rest_route=%2Fwp%2Fv2%2Fcategories&post=2808"},{"taxonomy":"post_tag","embeddable":true,"href":"https:\/\/mv-gechingen.de\/index.php?rest_route=%2Fwp%2Fv2%2Ftags&post=2808"}],"curies":[{"name":"wp","href":"https:\/\/api.w.org\/{rel}","templated":true}]}}