{"id":2817,"date":"2025-07-13T21:32:01","date_gmt":"2025-07-13T19:32:01","guid":{"rendered":"https:\/\/mv-gechingen.de\/?p=2817"},"modified":"2025-07-13T21:32:01","modified_gmt":"2025-07-13T19:32:01","slug":"rueckblick-gechinger-strassenfest-2025","status":"publish","type":"post","link":"https:\/\/mv-gechingen.de\/?p=2817","title":{"rendered":"R\u00fcckblick Gechinger Stra\u00dfenfest 2025"},"content":{"rendered":"\n<p>Am vergangenen Wochenende wurde die Brunnenstra\u00dfe in Gechingen zur lebendigen Festmeile, denn der Musikverein Gechingen hatte zum traditionellen Gechinger Stra\u00dfenfest eingeladen. Zahlreiche Besucher aus der Umgebung und dar\u00fcber hinaus folgten der Einladung und genossen die vielf\u00e4ltigen Attraktionen des Festes.<\/p>\n\n\n\n<figure class=\"wp-block-image size-large\"><a href=\"https:\/\/mv-gechingen.de\/wordpress_01\/wp-content\/uploads\/2025\/07\/IMG-20250713-WA0494-scaled.jpg\"><img loading=\"lazy\" decoding=\"async\" width=\"768\" height=\"1024\" src=\"https:\/\/mv-gechingen.de\/wordpress_01\/wp-content\/uploads\/2025\/07\/IMG-20250713-WA0494-768x1024.jpg\" alt=\"\" class=\"wp-image-2823\" srcset=\"https:\/\/mv-gechingen.de\/wordpress_01\/wp-content\/uploads\/2025\/07\/IMG-20250713-WA0494-768x1024.jpg 768w, https:\/\/mv-gechingen.de\/wordpress_01\/wp-content\/uploads\/2025\/07\/IMG-20250713-WA0494-225x300.jpg 225w, https:\/\/mv-gechingen.de\/wordpress_01\/wp-content\/uploads\/2025\/07\/IMG-20250713-WA0494-1152x1536.jpg 1152w, https:\/\/mv-gechingen.de\/wordpress_01\/wp-content\/uploads\/2025\/07\/IMG-20250713-WA0494-1536x2048.jpg 1536w, https:\/\/mv-gechingen.de\/wordpress_01\/wp-content\/uploads\/2025\/07\/IMG-20250713-WA0494-scaled.jpg 1920w\" sizes=\"(max-width: 768px) 100vw, 768px\" \/><\/a><\/figure>\n\n\n\n<p>Bereits ab 12 Uhr konnten sich die G\u00e4ste am Samstag \u00fcber frisch gebackenen Kartoffel- und Zwiebelkuchen freuen. Der eigentliche Festbetrieb startete um 16 Uhr. F\u00fcr den musikalischen Auftakt sorgte die Stadtkapelle Niederstotzingen. Danach \u00fcbernahmen die Golmer Buam die B\u00fchne, oder vielmehr die Tische und B\u00e4nke mitten im Festgeschehen, und begeisterten mit mitrei\u00dfender Blasmusik. <\/p>\n\n\n\n<figure class=\"wp-block-image size-large\"><a href=\"https:\/\/mv-gechingen.de\/wordpress_01\/wp-content\/uploads\/2025\/07\/IMG-20250713-WA0509-scaled.jpg\"><img loading=\"lazy\" decoding=\"async\" width=\"768\" height=\"1024\" src=\"https:\/\/mv-gechingen.de\/wordpress_01\/wp-content\/uploads\/2025\/07\/IMG-20250713-WA0509-768x1024.jpg\" alt=\"\" class=\"wp-image-2818\" srcset=\"https:\/\/mv-gechingen.de\/wordpress_01\/wp-content\/uploads\/2025\/07\/IMG-20250713-WA0509-768x1024.jpg 768w, https:\/\/mv-gechingen.de\/wordpress_01\/wp-content\/uploads\/2025\/07\/IMG-20250713-WA0509-225x300.jpg 225w, https:\/\/mv-gechingen.de\/wordpress_01\/wp-content\/uploads\/2025\/07\/IMG-20250713-WA0509-1152x1536.jpg 1152w, https:\/\/mv-gechingen.de\/wordpress_01\/wp-content\/uploads\/2025\/07\/IMG-20250713-WA0509-1536x2048.jpg 1536w, https:\/\/mv-gechingen.de\/wordpress_01\/wp-content\/uploads\/2025\/07\/IMG-20250713-WA0509-scaled.jpg 1920w\" sizes=\"(max-width: 768px) 100vw, 768px\" \/><\/a><\/figure>\n\n\n\n<p>F\u00fcr ausgelassene Stimmung bis tief in die Nacht sorgten anschlie\u00dfend die Original Schwippetaler aus Dagersheim, die mit ihrem schwungvollen Programm das Publikum zum Mitsingen und Tanzen animierten.<\/p>\n\n\n\n<figure class=\"wp-block-image size-large\"><a href=\"https:\/\/mv-gechingen.de\/wordpress_01\/wp-content\/uploads\/2025\/07\/IMG-20250713-WA0534-scaled.jpg\"><img loading=\"lazy\" decoding=\"async\" width=\"1024\" height=\"768\" src=\"https:\/\/mv-gechingen.de\/wordpress_01\/wp-content\/uploads\/2025\/07\/IMG-20250713-WA0534-1024x768.jpg\" alt=\"\" class=\"wp-image-2819\" srcset=\"https:\/\/mv-gechingen.de\/wordpress_01\/wp-content\/uploads\/2025\/07\/IMG-20250713-WA0534-1024x768.jpg 1024w, https:\/\/mv-gechingen.de\/wordpress_01\/wp-content\/uploads\/2025\/07\/IMG-20250713-WA0534-300x225.jpg 300w, https:\/\/mv-gechingen.de\/wordpress_01\/wp-content\/uploads\/2025\/07\/IMG-20250713-WA0534-768x576.jpg 768w, https:\/\/mv-gechingen.de\/wordpress_01\/wp-content\/uploads\/2025\/07\/IMG-20250713-WA0534-1536x1152.jpg 1536w, https:\/\/mv-gechingen.de\/wordpress_01\/wp-content\/uploads\/2025\/07\/IMG-20250713-WA0534-2048x1536.jpg 2048w, https:\/\/mv-gechingen.de\/wordpress_01\/wp-content\/uploads\/2025\/07\/IMG-20250713-WA0534-400x300.jpg 400w\" sizes=\"(max-width: 1024px) 100vw, 1024px\" \/><\/a><\/figure>\n\n\n\n<p>Auch kulinarisch kamen die Besucher auf ihre Kosten. Das Angebot reichte von saftigen Steaks und knusprigen Pommes \u00fcber herzhafte W\u00fcrste und deftigen Zwiebel- und Kartoffelkuchen bis hin zu s\u00fc\u00dfen Cr\u00eapes \u2013 f\u00fcr jeden Geschmack war etwas dabei.<\/p>\n\n\n\n<figure class=\"wp-block-image size-large\"><a href=\"https:\/\/mv-gechingen.de\/wordpress_01\/wp-content\/uploads\/2025\/07\/IMG-20250713-WA0465-scaled.jpg\"><img loading=\"lazy\" decoding=\"async\" width=\"768\" height=\"1024\" src=\"https:\/\/mv-gechingen.de\/wordpress_01\/wp-content\/uploads\/2025\/07\/IMG-20250713-WA0465-768x1024.jpg\" alt=\"\" class=\"wp-image-2820\" srcset=\"https:\/\/mv-gechingen.de\/wordpress_01\/wp-content\/uploads\/2025\/07\/IMG-20250713-WA0465-768x1024.jpg 768w, https:\/\/mv-gechingen.de\/wordpress_01\/wp-content\/uploads\/2025\/07\/IMG-20250713-WA0465-225x300.jpg 225w, https:\/\/mv-gechingen.de\/wordpress_01\/wp-content\/uploads\/2025\/07\/IMG-20250713-WA0465-1152x1536.jpg 1152w, https:\/\/mv-gechingen.de\/wordpress_01\/wp-content\/uploads\/2025\/07\/IMG-20250713-WA0465-1536x2048.jpg 1536w, https:\/\/mv-gechingen.de\/wordpress_01\/wp-content\/uploads\/2025\/07\/IMG-20250713-WA0465-scaled.jpg 1920w\" sizes=\"(max-width: 768px) 100vw, 768px\" \/><\/a><\/figure>\n\n\n\n<p>Am Sonntag versprach ebenfalls ein abwechslungsreiches Programm. Der Tag begann mit einem Gottesdienst im Freien, begleitet vom Posaunenchor Gechingen.<\/p>\n\n\n\n<figure class=\"wp-block-image size-large\"><a href=\"https:\/\/mv-gechingen.de\/wordpress_01\/wp-content\/uploads\/2025\/07\/IMG-20250713-WA0537-scaled.jpg\"><img loading=\"lazy\" decoding=\"async\" width=\"1024\" height=\"768\" src=\"https:\/\/mv-gechingen.de\/wordpress_01\/wp-content\/uploads\/2025\/07\/IMG-20250713-WA0537-1024x768.jpg\" alt=\"\" class=\"wp-image-2825\" srcset=\"https:\/\/mv-gechingen.de\/wordpress_01\/wp-content\/uploads\/2025\/07\/IMG-20250713-WA0537-1024x768.jpg 1024w, https:\/\/mv-gechingen.de\/wordpress_01\/wp-content\/uploads\/2025\/07\/IMG-20250713-WA0537-300x225.jpg 300w, https:\/\/mv-gechingen.de\/wordpress_01\/wp-content\/uploads\/2025\/07\/IMG-20250713-WA0537-768x576.jpg 768w, https:\/\/mv-gechingen.de\/wordpress_01\/wp-content\/uploads\/2025\/07\/IMG-20250713-WA0537-1536x1152.jpg 1536w, https:\/\/mv-gechingen.de\/wordpress_01\/wp-content\/uploads\/2025\/07\/IMG-20250713-WA0537-2048x1536.jpg 2048w, https:\/\/mv-gechingen.de\/wordpress_01\/wp-content\/uploads\/2025\/07\/IMG-20250713-WA0537-400x300.jpg 400w\" sizes=\"(max-width: 1024px) 100vw, 1024px\" \/><\/a><\/figure>\n\n\n\n<p>Danach traten die Jungmusiker des Musikvereins Gechingen sowie die Bl\u00e4serklasse Althengstett auf und sorgten f\u00fcr musikalische Highlights. Den musikalischen Abschluss machte der Musikverein Neubulach.<\/p>\n\n\n\n<figure class=\"wp-block-image size-large\"><a href=\"https:\/\/mv-gechingen.de\/wordpress_01\/wp-content\/uploads\/2025\/07\/IMG-20250713-WA0539-scaled.jpg\"><img loading=\"lazy\" decoding=\"async\" width=\"1024\" height=\"768\" src=\"https:\/\/mv-gechingen.de\/wordpress_01\/wp-content\/uploads\/2025\/07\/IMG-20250713-WA0539-1024x768.jpg\" alt=\"\" class=\"wp-image-2821\" srcset=\"https:\/\/mv-gechingen.de\/wordpress_01\/wp-content\/uploads\/2025\/07\/IMG-20250713-WA0539-1024x768.jpg 1024w, https:\/\/mv-gechingen.de\/wordpress_01\/wp-content\/uploads\/2025\/07\/IMG-20250713-WA0539-300x225.jpg 300w, https:\/\/mv-gechingen.de\/wordpress_01\/wp-content\/uploads\/2025\/07\/IMG-20250713-WA0539-768x576.jpg 768w, https:\/\/mv-gechingen.de\/wordpress_01\/wp-content\/uploads\/2025\/07\/IMG-20250713-WA0539-1536x1152.jpg 1536w, https:\/\/mv-gechingen.de\/wordpress_01\/wp-content\/uploads\/2025\/07\/IMG-20250713-WA0539-2048x1536.jpg 2048w, https:\/\/mv-gechingen.de\/wordpress_01\/wp-content\/uploads\/2025\/07\/IMG-20250713-WA0539-400x300.jpg 400w\" sizes=\"(max-width: 1024px) 100vw, 1024px\" \/><\/a><\/figure>\n\n\n\n<p>Zur Mittagszeit wurden die G\u00e4ste zus\u00e4tzlich mit traditionellen Maultaschen und Kartoffelsalat verw\u00f6hnt. In entspannter Atmosph\u00e4re lie\u00dfen zahlreiche Besucher den Sonntag bei gutem Essen und k\u00fchlen Getr\u00e4nken gem\u00fctlich ausklingen.<\/p>\n\n\n\n<figure class=\"wp-block-image size-large\"><a href=\"https:\/\/mv-gechingen.de\/wordpress_01\/wp-content\/uploads\/2025\/07\/IMG-20250713-WA0470-scaled.jpg\"><img loading=\"lazy\" decoding=\"async\" width=\"1024\" height=\"768\" src=\"https:\/\/mv-gechingen.de\/wordpress_01\/wp-content\/uploads\/2025\/07\/IMG-20250713-WA0470-1024x768.jpg\" alt=\"\" class=\"wp-image-2822\" srcset=\"https:\/\/mv-gechingen.de\/wordpress_01\/wp-content\/uploads\/2025\/07\/IMG-20250713-WA0470-1024x768.jpg 1024w, https:\/\/mv-gechingen.de\/wordpress_01\/wp-content\/uploads\/2025\/07\/IMG-20250713-WA0470-300x225.jpg 300w, https:\/\/mv-gechingen.de\/wordpress_01\/wp-content\/uploads\/2025\/07\/IMG-20250713-WA0470-768x576.jpg 768w, https:\/\/mv-gechingen.de\/wordpress_01\/wp-content\/uploads\/2025\/07\/IMG-20250713-WA0470-1536x1152.jpg 1536w, https:\/\/mv-gechingen.de\/wordpress_01\/wp-content\/uploads\/2025\/07\/IMG-20250713-WA0470-2048x1536.jpg 2048w, https:\/\/mv-gechingen.de\/wordpress_01\/wp-content\/uploads\/2025\/07\/IMG-20250713-WA0470-400x300.jpg 400w\" sizes=\"(max-width: 1024px) 100vw, 1024px\" \/><\/a><\/figure>\n\n\n\n<p>Der Musikverein Gechingen bedankt sich herzlich bei allen G\u00e4sten sowie den zahlreichen Helferinnen und Helfern, die zum Gelingen des Festes beigetragen haben. Ohne ihr Engagement w\u00e4re ein solches Event nicht m\u00f6glich. Wir blicken schon jetzt voller Vorfreude auf das n\u00e4chste Jahr!<\/p>\n\n\n\n<figure class=\"wp-block-image size-large\"><a href=\"https:\/\/mv-gechingen.de\/wordpress_01\/wp-content\/uploads\/2025\/07\/IMG-20250713-WA0500-scaled.jpg\"><img loading=\"lazy\" decoding=\"async\" width=\"1024\" height=\"768\" src=\"https:\/\/mv-gechingen.de\/wordpress_01\/wp-content\/uploads\/2025\/07\/IMG-20250713-WA0500-1024x768.jpg\" alt=\"\" class=\"wp-image-2824\" srcset=\"https:\/\/mv-gechingen.de\/wordpress_01\/wp-content\/uploads\/2025\/07\/IMG-20250713-WA0500-1024x768.jpg 1024w, https:\/\/mv-gechingen.de\/wordpress_01\/wp-content\/uploads\/2025\/07\/IMG-20250713-WA0500-300x225.jpg 300w, https:\/\/mv-gechingen.de\/wordpress_01\/wp-content\/uploads\/2025\/07\/IMG-20250713-WA0500-768x576.jpg 768w, https:\/\/mv-gechingen.de\/wordpress_01\/wp-content\/uploads\/2025\/07\/IMG-20250713-WA0500-1536x1152.jpg 1536w, https:\/\/mv-gechingen.de\/wordpress_01\/wp-content\/uploads\/2025\/07\/IMG-20250713-WA0500-2048x1536.jpg 2048w, https:\/\/mv-gechingen.de\/wordpress_01\/wp-content\/uploads\/2025\/07\/IMG-20250713-WA0500-400x300.jpg 400w\" sizes=\"(max-width: 1024px) 100vw, 1024px\" \/><\/a><\/figure>\n\n\n\n<p>Besuchen Sie uns doch auch auf unserer Facebook- und Instagram-Seite. Auf unserem YouTube-Kanal finden Sie au\u00dferdem viele musikalische Highlights vergangener Modern Music Shows. Ihr Musikverein Gechingen e.V.<\/p>\n","protected":false},"excerpt":{"rendered":"<p>Am vergangenen Wochenende wurde die Brunnenstra\u00dfe in Gechingen zur lebendigen Festmeile, denn der Musikverein Gechingen hatte zum traditionellen Gechinger Stra\u00dfenfest eingeladen. Zahlreiche Besucher aus der Umgebung und dar\u00fcber hinaus folgten der Einladung und genossen die vielf\u00e4ltigen Attraktionen des Festes. Bereits &hellip; <a href=\"https:\/\/mv-gechingen.de\/?p=2817\">Weiterlesen <span class=\"meta-nav\">&rarr;<\/span><\/a><\/p>\n","protected":false},"author":3,"featured_media":0,"comment_status":"closed","ping_status":"closed","sticky":false,"template":"","format":"standard","meta":{"footnotes":""},"categories":[1],"tags":[],"_links":{"self":[{"href":"https:\/\/mv-gechingen.de\/index.php?rest_route=\/wp\/v2\/posts\/2817"}],"collection":[{"href":"https:\/\/mv-gechingen.de\/index.php?rest_route=\/wp\/v2\/posts"}],"about":[{"href":"https:\/\/mv-gechingen.de\/index.php?rest_route=\/wp\/v2\/types\/post"}],"author":[{"embeddable":true,"href":"https:\/\/mv-gechingen.de\/index.php?rest_route=\/wp\/v2\/users\/3"}],"replies":[{"embeddable":true,"href":"https:\/\/mv-gechingen.de\/index.php?rest_route=%2Fwp%2Fv2%2Fcomments&post=2817"}],"version-history":[{"count":1,"href":"https:\/\/mv-gechingen.de\/index.php?rest_route=\/wp\/v2\/posts\/2817\/revisions"}],"predecessor-version":[{"id":2826,"href":"https:\/\/mv-gechingen.de\/index.php?rest_route=\/wp\/v2\/posts\/2817\/revisions\/2826"}],"wp:attachment":[{"href":"https:\/\/mv-gechingen.de\/index.php?rest_route=%2Fwp%2Fv2%2Fmedia&parent=2817"}],"wp:term":[{"taxonomy":"category","embeddable":true,"href":"https:\/\/mv-gechingen.de\/index.php?rest_route=%2Fwp%2Fv2%2Fcategories&post=2817"},{"taxonomy":"post_tag","embeddable":true,"href":"https:\/\/mv-gechingen.de\/index.php?rest_route=%2Fwp%2Fv2%2Ftags&post=2817"}],"curies":[{"name":"wp","href":"https:\/\/api.w.org\/{rel}","templated":true}]}}