{"id":2834,"date":"2025-11-27T16:56:35","date_gmt":"2025-11-27T15:56:35","guid":{"rendered":"https:\/\/mv-gechingen.de\/?p=2834"},"modified":"2026-03-07T12:51:25","modified_gmt":"2026-03-07T11:51:25","slug":"jahreskonzert-und-anstehendes-probewochenende","status":"publish","type":"post","link":"https:\/\/mv-gechingen.de\/?p=2834","title":{"rendered":"Jahreskonzert und anstehendes Probewochenende"},"content":{"rendered":"\n<p>Unser festliches Jahreskonzert findet am <strong>Samstag, den 13. Dezember<\/strong> in der Gechinger Gemeindehalle statt. Hierzu laden wir Sie herzlich ein.<\/p>\n\n\n\n<p>Eine geschm\u00fcckte Gemeindehalle und kulinarische H\u00e4ppchen, die passend zu den Musikst\u00fccken angerichtet werden, lassen Sie in eine sinfonische Blasmusikwelt f\u00fcr alle Sinne eintauchen.<\/p>\n\n\n\n<p>Unsere Musikerjugend wird wie gewohnt den Anfang unseres Konzertprogramms gestalten. Anschlie\u00dfend wird unser aktives Orchester den Platz auf der B\u00fchne einnehmen und Ihnen ein abwechslungsreiches Programm mit anspruchsvoller und ausdrucksstarker Blasmusik pr\u00e4sentieren. Freuen Sie sich unter anderem auf die geheimnisvolle und mystische Komposition \u201eDer Magnetberg\u201c und das epische Werk \u201eCyrano\u201c. Seien Sie gespannt!<\/p>\n\n\n\n<p>Einlass ist am Konzertabend um 18:30 Uhr und Konzertbeginn um 19:30 Uhr. Karten f\u00fcr unser Jahreskonzert sind im Vorverkauf bei allen aktiven Musikerinnen und Musikern zu erhalten (Kartenpreis 9,- \u20ac, Kinder und Jugendliche bis 14 Jahre erhalten kostenfreien Eintritt).<\/p>\n\n\n\n<p>Es geht nun in den Endspurt der Konzertvorbereitung: Am kommenden Samstag werden wir f\u00fcr ein zweit\u00e4giges Probewochenende in die Jugendherberge nach Herrenwies fahren. Neben den geplanten musikalischen Einheiten wie Register- und Gesamtproben wird sicher auch genug Zeit f\u00fcr gemeinsame Gespr\u00e4che und viel Spa\u00df bleiben. Wir freuen uns auf ein musikalisch erfolgreiches und sch\u00f6nes Wochenende voller guter Stimmung.<\/p>\n\n\n\n<p>Schauen Sie doch auch auf unserer Facebook- und Instagram-Seite vorbei. Auf unserem YouTube-Kanal finden Sie au\u00dferdem viele musikalische Highlights vergangener Modern Music Shows. Ihr Musikverein Gechingen e.V.<\/p>\n\n\n\n<figure class=\"wp-block-image size-large\"><a href=\"https:\/\/mv-gechingen.de\/wordpress_01\/wp-content\/uploads\/2025\/11\/Insta_konzert25.jpg\"><img loading=\"lazy\" decoding=\"async\" width=\"1024\" height=\"1024\" src=\"https:\/\/mv-gechingen.de\/wordpress_01\/wp-content\/uploads\/2025\/11\/Insta_konzert25-1024x1024.jpg\" alt=\"\" class=\"wp-image-2835\" srcset=\"https:\/\/mv-gechingen.de\/wordpress_01\/wp-content\/uploads\/2025\/11\/Insta_konzert25-1024x1024.jpg 1024w, https:\/\/mv-gechingen.de\/wordpress_01\/wp-content\/uploads\/2025\/11\/Insta_konzert25-300x300.jpg 300w, https:\/\/mv-gechingen.de\/wordpress_01\/wp-content\/uploads\/2025\/11\/Insta_konzert25-150x150.jpg 150w, https:\/\/mv-gechingen.de\/wordpress_01\/wp-content\/uploads\/2025\/11\/Insta_konzert25-768x768.jpg 768w, https:\/\/mv-gechingen.de\/wordpress_01\/wp-content\/uploads\/2025\/11\/Insta_konzert25-1536x1536.jpg 1536w, https:\/\/mv-gechingen.de\/wordpress_01\/wp-content\/uploads\/2025\/11\/Insta_konzert25-2048x2048.jpg 2048w\" sizes=\"(max-width: 1024px) 100vw, 1024px\" \/><\/a><\/figure>\n","protected":false},"excerpt":{"rendered":"<p>Unser festliches Jahreskonzert findet am Samstag, den 13. Dezember in der Gechinger Gemeindehalle statt. Hierzu laden wir Sie herzlich ein. Eine geschm\u00fcckte Gemeindehalle und kulinarische H\u00e4ppchen, die passend zu den Musikst\u00fccken angerichtet werden, lassen Sie in eine sinfonische Blasmusikwelt f\u00fcr &hellip; <a href=\"https:\/\/mv-gechingen.de\/?p=2834\">Weiterlesen <span class=\"meta-nav\">&rarr;<\/span><\/a><\/p>\n","protected":false},"author":3,"featured_media":2828,"comment_status":"closed","ping_status":"closed","sticky":false,"template":"","format":"standard","meta":{"footnotes":""},"categories":[1],"tags":[],"_links":{"self":[{"href":"https:\/\/mv-gechingen.de\/index.php?rest_route=\/wp\/v2\/posts\/2834"}],"collection":[{"href":"https:\/\/mv-gechingen.de\/index.php?rest_route=\/wp\/v2\/posts"}],"about":[{"href":"https:\/\/mv-gechingen.de\/index.php?rest_route=\/wp\/v2\/types\/post"}],"author":[{"embeddable":true,"href":"https:\/\/mv-gechingen.de\/index.php?rest_route=\/wp\/v2\/users\/3"}],"replies":[{"embeddable":true,"href":"https:\/\/mv-gechingen.de\/index.php?rest_route=%2Fwp%2Fv2%2Fcomments&post=2834"}],"version-history":[{"count":1,"href":"https:\/\/mv-gechingen.de\/index.php?rest_route=\/wp\/v2\/posts\/2834\/revisions"}],"predecessor-version":[{"id":2836,"href":"https:\/\/mv-gechingen.de\/index.php?rest_route=\/wp\/v2\/posts\/2834\/revisions\/2836"}],"wp:featuredmedia":[{"embeddable":true,"href":"https:\/\/mv-gechingen.de\/index.php?rest_route=\/wp\/v2\/media\/2828"}],"wp:attachment":[{"href":"https:\/\/mv-gechingen.de\/index.php?rest_route=%2Fwp%2Fv2%2Fmedia&parent=2834"}],"wp:term":[{"taxonomy":"category","embeddable":true,"href":"https:\/\/mv-gechingen.de\/index.php?rest_route=%2Fwp%2Fv2%2Fcategories&post=2834"},{"taxonomy":"post_tag","embeddable":true,"href":"https:\/\/mv-gechingen.de\/index.php?rest_route=%2Fwp%2Fv2%2Ftags&post=2834"}],"curies":[{"name":"wp","href":"https:\/\/api.w.org\/{rel}","templated":true}]}}