{"id":2895,"date":"2026-04-27T13:59:39","date_gmt":"2026-04-27T11:59:39","guid":{"rendered":"https:\/\/mv-gechingen.de\/?p=2895"},"modified":"2026-04-27T13:59:39","modified_gmt":"2026-04-27T11:59:39","slug":"rueckblick-probewochenende-fuer-die-modern-music-schow-2026","status":"publish","type":"post","link":"https:\/\/mv-gechingen.de\/?p=2895","title":{"rendered":"R\u00fcckblick Probewochenende f\u00fcr die Modern Music Schow 2026"},"content":{"rendered":"\n<p>Am 25. und 26. Mai fand unser zweit\u00e4giges Probewochenende in der Gechinger Gemeindehalle statt. Gemeinsam mit den S\u00e4ngerinnen und S\u00e4ngern bereiteten wir uns intensiv auf unsere Modern Music Show vor.<\/p>\n\n\n\n<figure class=\"wp-block-image size-large\"><a href=\"https:\/\/mv-gechingen.de\/wordpress_01\/wp-content\/uploads\/2026\/04\/Zeitung_3-scaled.jpg\"><img loading=\"lazy\" decoding=\"async\" width=\"1024\" height=\"768\" src=\"https:\/\/mv-gechingen.de\/wordpress_01\/wp-content\/uploads\/2026\/04\/Zeitung_3-1024x768.jpg\" alt=\"\" class=\"wp-image-2896\" srcset=\"https:\/\/mv-gechingen.de\/wordpress_01\/wp-content\/uploads\/2026\/04\/Zeitung_3-1024x768.jpg 1024w, https:\/\/mv-gechingen.de\/wordpress_01\/wp-content\/uploads\/2026\/04\/Zeitung_3-300x225.jpg 300w, https:\/\/mv-gechingen.de\/wordpress_01\/wp-content\/uploads\/2026\/04\/Zeitung_3-768x576.jpg 768w, https:\/\/mv-gechingen.de\/wordpress_01\/wp-content\/uploads\/2026\/04\/Zeitung_3-1536x1152.jpg 1536w, https:\/\/mv-gechingen.de\/wordpress_01\/wp-content\/uploads\/2026\/04\/Zeitung_3-2048x1536.jpg 2048w, https:\/\/mv-gechingen.de\/wordpress_01\/wp-content\/uploads\/2026\/04\/Zeitung_3-400x300.jpg 400w\" sizes=\"(max-width: 1024px) 100vw, 1024px\" \/><\/a><\/figure>\n\n\n\n<p>Am Samstag probten wir von 9 Uhr bis zur Mittagspause. Dabei wurden wir von der Metzgerei Kienzle mit einem leckeren Gulasch bestens versorgt \u2013 ein herzliches Dankesch\u00f6n daf\u00fcr! Anschlie\u00dfend ging es in die zweite Probenphase, bevor eine Kaffeepause mit Kuchen neue Energie brachte. <\/p>\n\n\n\n<figure class=\"wp-block-image size-large is-resized\"><a href=\"https:\/\/mv-gechingen.de\/wordpress_01\/wp-content\/uploads\/2026\/04\/IMG_9765-scaled.jpg\"><img loading=\"lazy\" decoding=\"async\" width=\"1024\" height=\"768\" src=\"https:\/\/mv-gechingen.de\/wordpress_01\/wp-content\/uploads\/2026\/04\/IMG_9765-1024x768.jpg\" alt=\"\" class=\"wp-image-2897\" style=\"width:609px;height:auto\" srcset=\"https:\/\/mv-gechingen.de\/wordpress_01\/wp-content\/uploads\/2026\/04\/IMG_9765-1024x768.jpg 1024w, https:\/\/mv-gechingen.de\/wordpress_01\/wp-content\/uploads\/2026\/04\/IMG_9765-300x225.jpg 300w, https:\/\/mv-gechingen.de\/wordpress_01\/wp-content\/uploads\/2026\/04\/IMG_9765-768x576.jpg 768w, https:\/\/mv-gechingen.de\/wordpress_01\/wp-content\/uploads\/2026\/04\/IMG_9765-1536x1152.jpg 1536w, https:\/\/mv-gechingen.de\/wordpress_01\/wp-content\/uploads\/2026\/04\/IMG_9765-2048x1536.jpg 2048w, https:\/\/mv-gechingen.de\/wordpress_01\/wp-content\/uploads\/2026\/04\/IMG_9765-400x300.jpg 400w\" sizes=\"(max-width: 1024px) 100vw, 1024px\" \/><\/a><\/figure>\n\n\n\n<p>Gegen 16:30 Uhr endete der erste Probentag. Am Abend stand zudem ein vereinsinternes Thema auf dem Programm: Nach einem Zukunftsworkshop im vergangenen Jahr arbeiten wir aktuell an einer neuen Organisationsstruktur mit verschiedenen Teams, in denen sich alle aktiv einbringen k\u00f6nnen.<\/p>\n\n\n\n<p>Auch am Sonntag starteten wir um 9 Uhr. Nach drei Stunden konzentrierter Probenarbeit wurden neue Vereinsfotos gemacht. Danach konnten wir noch das sonnige Wetter genie\u00dfen.<\/p>\n\n\n\n<figure class=\"wp-block-image size-large\"><a href=\"https:\/\/mv-gechingen.de\/wordpress_01\/wp-content\/uploads\/2026\/04\/Zeitung_2-scaled.jpg\"><img loading=\"lazy\" decoding=\"async\" width=\"1024\" height=\"768\" src=\"https:\/\/mv-gechingen.de\/wordpress_01\/wp-content\/uploads\/2026\/04\/Zeitung_2-1024x768.jpg\" alt=\"\" class=\"wp-image-2898\" srcset=\"https:\/\/mv-gechingen.de\/wordpress_01\/wp-content\/uploads\/2026\/04\/Zeitung_2-1024x768.jpg 1024w, https:\/\/mv-gechingen.de\/wordpress_01\/wp-content\/uploads\/2026\/04\/Zeitung_2-300x225.jpg 300w, https:\/\/mv-gechingen.de\/wordpress_01\/wp-content\/uploads\/2026\/04\/Zeitung_2-768x576.jpg 768w, https:\/\/mv-gechingen.de\/wordpress_01\/wp-content\/uploads\/2026\/04\/Zeitung_2-1536x1152.jpg 1536w, https:\/\/mv-gechingen.de\/wordpress_01\/wp-content\/uploads\/2026\/04\/Zeitung_2-2048x1536.jpg 2048w, https:\/\/mv-gechingen.de\/wordpress_01\/wp-content\/uploads\/2026\/04\/Zeitung_2-400x300.jpg 400w\" sizes=\"(max-width: 1024px) 100vw, 1024px\" \/><\/a><\/figure>\n\n\n\n<p>Zwei intensive, aber zugleich sehr erfolgreiche und sch\u00f6ne Probentage liegen hinter uns. Ein besonderer Dank gilt unserem Dirigenten Stefan Schneider f\u00fcr seine Geduld und die hervorragende Vorbereitung.<\/p>\n\n\n\n<figure class=\"wp-block-image size-large\"><a href=\"https:\/\/mv-gechingen.de\/wordpress_01\/wp-content\/uploads\/2026\/04\/IMG_9746-scaled.jpg\"><img loading=\"lazy\" decoding=\"async\" width=\"1024\" height=\"768\" src=\"https:\/\/mv-gechingen.de\/wordpress_01\/wp-content\/uploads\/2026\/04\/IMG_9746-1024x768.jpg\" alt=\"\" class=\"wp-image-2900\" srcset=\"https:\/\/mv-gechingen.de\/wordpress_01\/wp-content\/uploads\/2026\/04\/IMG_9746-1024x768.jpg 1024w, https:\/\/mv-gechingen.de\/wordpress_01\/wp-content\/uploads\/2026\/04\/IMG_9746-300x225.jpg 300w, https:\/\/mv-gechingen.de\/wordpress_01\/wp-content\/uploads\/2026\/04\/IMG_9746-768x576.jpg 768w, https:\/\/mv-gechingen.de\/wordpress_01\/wp-content\/uploads\/2026\/04\/IMG_9746-1536x1152.jpg 1536w, https:\/\/mv-gechingen.de\/wordpress_01\/wp-content\/uploads\/2026\/04\/IMG_9746-2048x1536.jpg 2048w, https:\/\/mv-gechingen.de\/wordpress_01\/wp-content\/uploads\/2026\/04\/IMG_9746-400x300.jpg 400w\" sizes=\"(max-width: 1024px) 100vw, 1024px\" \/><\/a><\/figure>\n\n\n\n<p>In den n\u00e4chsten Tagen folgen noch der Soundcheck, die Ablaufprobe sowie die Hauptprobe. Parallel laufen die technischen Vorbereitungen f\u00fcr Licht, Ton und Showeffekte auf Hochtouren. Vielen Dank an alle, die hier mit gro\u00dfem Einsatz mitwirken!<\/p>\n\n\n\n<p>Wie Sie merken, sind wir mit viel Flei\u00df und Begeisterung dabei und k\u00f6nnen es kaum erwarten Sie an den drei folgenden Terminen zur Modern Music Show in der Gechinger Gemeindehalle begr\u00fc\u00dfen zu d\u00fcrfen:&nbsp;<\/p>\n\n\n\n<p>Mittwoch, <strong>13. Mai <\/strong>(ausverkauft)<\/p>\n\n\n\n<p>Freitag, <strong>15. Mai<\/strong><\/p>\n\n\n\n<p>Mittwoch, <strong>16. Mai<\/strong><\/p>\n\n\n\n<p>Einlass ist ab 19 Uhr. Showbeginn ist um 20:30 Uhr.<\/p>\n\n\n\n<p>Die Show am Mittwoch, den 13. Mai, ist bereits ausverkauft. F\u00fcr die Shows am Freitag und Samstag sind noch Eintrittskarten bei allen aktiven Musikerinnen und Musikern erh\u00e4ltlich oder per E-Mail an vvk@mv-gechingen.de. Der Kartenpreis liegt bei 17,- \u20ac pro Karte. Nur solange der Vorrat reicht!<\/p>\n\n\n\n<p>Wir freuen uns auf Ihr Kommen!<\/p>\n","protected":false},"excerpt":{"rendered":"<p>Am 25. und 26. Mai fand unser zweit\u00e4giges Probewochenende in der Gechinger Gemeindehalle statt. Gemeinsam mit den S\u00e4ngerinnen und S\u00e4ngern bereiteten wir uns intensiv auf unsere Modern Music Show vor. Am Samstag probten wir von 9 Uhr bis zur Mittagspause. &hellip; <a href=\"https:\/\/mv-gechingen.de\/?p=2895\">Weiterlesen <span class=\"meta-nav\">&rarr;<\/span><\/a><\/p>\n","protected":false},"author":3,"featured_media":0,"comment_status":"closed","ping_status":"closed","sticky":false,"template":"","format":"standard","meta":{"footnotes":""},"categories":[1],"tags":[],"_links":{"self":[{"href":"https:\/\/mv-gechingen.de\/index.php?rest_route=\/wp\/v2\/posts\/2895"}],"collection":[{"href":"https:\/\/mv-gechingen.de\/index.php?rest_route=\/wp\/v2\/posts"}],"about":[{"href":"https:\/\/mv-gechingen.de\/index.php?rest_route=\/wp\/v2\/types\/post"}],"author":[{"embeddable":true,"href":"https:\/\/mv-gechingen.de\/index.php?rest_route=\/wp\/v2\/users\/3"}],"replies":[{"embeddable":true,"href":"https:\/\/mv-gechingen.de\/index.php?rest_route=%2Fwp%2Fv2%2Fcomments&post=2895"}],"version-history":[{"count":1,"href":"https:\/\/mv-gechingen.de\/index.php?rest_route=\/wp\/v2\/posts\/2895\/revisions"}],"predecessor-version":[{"id":2901,"href":"https:\/\/mv-gechingen.de\/index.php?rest_route=\/wp\/v2\/posts\/2895\/revisions\/2901"}],"wp:attachment":[{"href":"https:\/\/mv-gechingen.de\/index.php?rest_route=%2Fwp%2Fv2%2Fmedia&parent=2895"}],"wp:term":[{"taxonomy":"category","embeddable":true,"href":"https:\/\/mv-gechingen.de\/index.php?rest_route=%2Fwp%2Fv2%2Fcategories&post=2895"},{"taxonomy":"post_tag","embeddable":true,"href":"https:\/\/mv-gechingen.de\/index.php?rest_route=%2Fwp%2Fv2%2Ftags&post=2895"}],"curies":[{"name":"wp","href":"https:\/\/api.w.org\/{rel}","templated":true}]}}